{"id":13147,"date":"2026-04-27T20:06:29","date_gmt":"2026-04-27T20:06:29","guid":{"rendered":"https:\/\/franciscanosdemaria.org\/?p=13147"},"modified":"2026-04-27T20:06:29","modified_gmt":"2026-04-27T20:06:29","slug":"czy-papiez-zostal-wykorzystany-w-grze-politycznej","status":"publish","type":"post","link":"https:\/\/franciscanosdemaria.org\/pl\/2026\/04\/27\/czy-papiez-zostal-wykorzystany-w-grze-politycznej\/","title":{"rendered":"<strong>Czy Papie\u017c zosta\u0142 wykorzystany w grze politycznej?<\/strong>"},"content":{"rendered":"\n<p><strong>17.04.2026.<\/strong><\/p>\n\n\n\n<p>&nbsp;&nbsp;&nbsp;&nbsp;&nbsp;&nbsp;&nbsp;&nbsp;&nbsp;&nbsp;&nbsp; Papie\u017c przebywa w Afryce. Odby\u0142 ju\u017c po\u0142ow\u0119 swojej podr\u00f3\u017cy, odwiedzaj\u0105c Algieri\u0119 i Kamerun. Przed nim jeszcze Angola i Gwinea R\u00f3wnikowa. W Algierii wszystko skupia\u0142o si\u0119 wok\u00f3\u0142 \u015bw. Augustyna, za\u0142o\u017cyciela zakonu, do kt\u00f3rego nale\u017cy Leon XIV, oraz jednego z najwi\u0119kszych mistrz\u00f3w duchowo\u015bci katolickiej. Dla Papie\u017ca wizyta w ruinach Hippony, gdzie \u015bw. Augustyn pe\u0142ni\u0142 funkcj\u0119 biskupa, by\u0142a szczeg\u00f3lnie wzruszaj\u0105ca.<\/p>\n\n\n\n<p>&nbsp;&nbsp;&nbsp;&nbsp;&nbsp;&nbsp;&nbsp;&nbsp;&nbsp;&nbsp;&nbsp; W Kamerunie odwa\u017cnie zmierzy\u0142 si\u0119 z problemami kraju \u2013 prezydentem sprawuj\u0105cym w\u0142adz\u0119 od niemal wieczno\u015bci, ub\u00f3stwem, korupcj\u0105, brakiem perspektyw dla m\u0142odzie\u017cy, a przede wszystkim wojn\u0105 domow\u0105 spowodowan\u0105 d\u0105\u017ceniem regionu angloj\u0119zycznego do niepodleg\u0142o\u015bci. W Bamendzie, w regionie angloj\u0119zycznym, podkre\u015bli\u0142, \u017ce pokoju nie da si\u0119 narzuci\u0107 wojn\u0105 i \u017ce nale\u017cy d\u0105\u017cy\u0107 do dialogu; przypomnia\u0142 te\u017c, \u017ce koszty tej wojny domowej \u2013 kt\u00f3ra spowodowa\u0142a ju\u017c ponad sze\u015b\u0107 tysi\u0119cy ofiar \u015bmiertelnych i setki tysi\u0119cy przesiedle\u0144c\u00f3w \u2013 poch\u0142aniaj\u0105 zasoby kraju, kt\u00f3re powinny by\u0107 przeznaczone na opiek\u0119 zdrowotn\u0105 i edukacj\u0119. Pot\u0119piaj\u0105c przemoc, wspomnia\u0142 r\u00f3wnie\u017c o sytuacji na p\u00f3\u0142nocy kraju, czyli w regionie, gdzie dzia\u0142aj\u0105 islamscy terrory\u015bci, ale nie stwierdzi\u0142, \u017ce to oni s\u0105 przyczyn\u0105 tej przemocy \u2013 by\u0107 mo\u017ce po to, by nie sprowokowa\u0107 nowych krwawych atak\u00f3w na bezbronn\u0105 ludno\u015b\u0107 cywiln\u0105. Jest to i zawsze b\u0119dzie kwestia sporna i dyskusyjna: traktuje si\u0119 islam z delikatno\u015bci\u0105 i zawsze m\u00f3wi si\u0119 o dialogu z nim, ale nie krytykuje si\u0119 radyka\u0142\u00f3w tej religii, kt\u00f3rzy siej\u0105 terror i szczeg\u00f3lnie okrutnie traktuj\u0105 chrze\u015bcijan, i to nie tylko w Nigerii czy krajach \u015brodkowej Afryki. Jest to polityka, kt\u00f3ra wydaje si\u0119 mie\u0107 na celu budowanie most\u00f3w dialogu z umiarkowan\u0105 cz\u0119\u015bci\u0105 islamu, ale kt\u00f3ra nie wydaje si\u0119 wywiera\u0107 \u017cadnego wp\u0142ywu na terroryst\u00f3w i mo\u017ce pozostawi\u0107 ofiary z wra\u017ceniem, \u017ce s\u0105 pozostawione same sobie.<\/p>\n\n\n\n<p>&nbsp;&nbsp;&nbsp;&nbsp;&nbsp;&nbsp;&nbsp;&nbsp;&nbsp;&nbsp;&nbsp; Jednak tematem tygodnia by\u0142 atak prezydenta Trumpa na Ojca \u015awi\u0119tego. Manipulacja w tej sprawie by\u0142a ra\u017c\u0105ca, poniewa\u017c nie zabrak\u0142o katolik\u00f3w, kt\u00f3rzy wyrzucali Papie\u017cowi, \u017ce stan\u0105\u0142 mu na drodze, a nawet takich, kt\u00f3rzy krytykuj\u0105 tych, kt\u00f3rzy bronili Papie\u017ca, tak jak ja. Nale\u017cy jasno stwierdzi\u0107, \u017ce Leon XIV nie chcia\u0142 odpowiada\u0107 prezydentowi Stan\u00f3w Zjednoczonych, co wyra\u017anie powiedzia\u0142, gdy w niedziel\u0119 rano, wyruszaj\u0105c w podr\u00f3\u017c do Algierii, zosta\u0142 zapytany przez dziennikarzy o obelgi, kt\u00f3re w\u0142a\u015bnie otrzyma\u0142. Papie\u017c post\u0105pi\u0142 s\u0142usznie, milcz\u0105c w obliczu tych zniewag, gdy\u017c w przeciwnym razie zni\u017cy\u0142by si\u0119 do polemiki z kim\u015b, kto wypowiada s\u0142owa niegodne osoby o zdrowych zmys\u0142ach. Absurdalne jest jednak to, \u017ce nikt nie broni Papie\u017ca, mimo i\u017c pad\u0142 on ofiar\u0105 tak powa\u017cnego publicznego zniewa\u017cenia. Czy naprawd\u0119 katolikami s\u0105 ci, kt\u00f3rzy domagaj\u0105 si\u0119, by Ojciec \u015awi\u0119ty by\u0142 znies\u0142awiany, a nikt nie zabiera g\u0142osu w jego obronie, czy te\u017c s\u0105 to wielbiciele polityka, kt\u00f3ry zaprezentowa\u0142 si\u0119 w mediach spo\u0142eczno\u015bciowych przebrany za Jezusa Chrystusa? Trump dokona\u0142 wielu dobrych rzeczy \u2013 a w\u015br\u00f3d nich wymieni\u0142bym to, co dzieje si\u0119 w Wenezueli \u2013 ale nie mo\u017cna i nie wolno milcze\u0107 w obliczu jego obra\u017aliwych s\u0142\u00f3w pod adresem Namiestnika Chrystusa.<\/p>\n\n\n\n<p>&nbsp;&nbsp;&nbsp;&nbsp;&nbsp;&nbsp;&nbsp;&nbsp;&nbsp;&nbsp;&nbsp; Zupe\u0142nie inn\u0105 spraw\u0105 s\u0105 kulisy tych wydarze\u0144. Trump \u201ewybuchn\u0105\u0142\u201d tu\u017c po d\u0142ugim wywiadzie udzielonym w ameryka\u0144skiej telewizji przez trzech ostatnich aktywnych kardyna\u0142\u00f3w ze Stana\u00f3w Zjednoczonych. By\u0142 to niezwykle ostry i osobisty atak skierowany przeciwko niemu, dotycz\u0105cy jego polityki wobec nielegalnych imigrant\u00f3w oraz zaprzeczenia, \u017ce wojna z Iranem by\u0142a wojn\u0105 sprawiedliw\u0105. Kilka dni wcze\u015bniej sam Papie\u017c przyj\u0105\u0142 jednego z g\u0142\u00f3wnych doradc\u00f3w Obamy, co zosta\u0142o zinterpretowane jako poparcie Ko\u015bcio\u0142a dla Partii Demokratycznej w kontek\u015bcie niemal wyborczym. Ponadto ameryka\u0144ski arcybiskup wojskowy, monsignor Broglio, r\u00f3wnie\u017c podda\u0142 w w\u0105tpliwo\u015b\u0107 zasadno\u015b\u0107 wojny w Iranie, przypominaj\u0105c jednocze\u015bnie katolickim \u017co\u0142nierzom, \u017ce nie s\u0105 zobowi\u0105zani do wykonywania rozkaz\u00f3w sprzecznych z ich sumieniem. Innym poprzednikiem wybuchu gniewu Trumpa by\u0142y s\u0142owa samego Papie\u017ca wypowiedziane w Niedziel\u0119 Wielkanocn\u0105, kiedy stwierdzi\u0142, \u017ce B\u00f3g nie jest po stronie tych, kt\u00f3rzy rozpoczynaj\u0105 wojn\u0119, nie precyzuj\u0105c, \u017ce dotyczy to wy\u0142\u0105cznie tych, kt\u00f3rzy nie prowadz\u0105 wojny sprawiedliwej, cho\u0107 trzeba przyzna\u0107, \u017ce powiedzia\u0142 to wkr\u00f3tce po tym, jak Trump zagrozi\u0142 zniszczeniem tysi\u0105cletniej cywilizacji. Ten zbi\u00f3r wydarze\u0144, kt\u00f3re poprzedzi\u0142y gwa\u0142town\u0105 reakcj\u0119 Trumpa, w \u017cadnym wypadku nie usprawiedliwia obelg pod adresem Papie\u017ca, ale budzi pewne pytania. Znaj\u0105c charakter ameryka\u0144skiego prezydenta i wiedz\u0105c, jak najprawdopodobniej zareaguje, czy nie zosta\u0142 on celowo sprowokowany do tego, co zrobi\u0142, aby obrazi\u0107 wielu katolik\u00f3w, kt\u00f3rzy na niego g\u0142osowali, i zaszkodzi\u0107 swojej partii w nadchodz\u0105cych wyborach w listopadzie? Czy Papie\u017c zosta\u0142 wykorzystany, nie wiedz\u0105c o tym, w politycznej operacji? Wiele os\u00f3b twierdzi, \u017ce wszystko wskazuje na to, i\u017c dosz\u0142o do skoordynowanej akcji, maj\u0105cej na celu sprowokowanie Trumpa \u2013 co jest \u0142atwe do osi\u0105gni\u0119cia \u2013 do ataku na Papie\u017ca, a ta wybuchowa reakcja obr\u00f3ci\u0142a si\u0119 przeciwko samemu prezydentowi w\u0142a\u015bnie ze wzgl\u0119du na to, jak nie do przyj\u0119cia jest ona. W tym tygodniu mia\u0142y miejsce jeszcze dwie inne znacz\u0105ce wypowiedzi.<\/p>\n\n\n\n<p>&nbsp;&nbsp;&nbsp;&nbsp;&nbsp;&nbsp;&nbsp;&nbsp;&nbsp;&nbsp;&nbsp; Pierwsza z nich pochodzi\u0142a od wiceprezydenta Vance\u2019a, praktykuj\u0105cego katolika, kt\u00f3ry zarzuci\u0142 Papie\u017cowi, \u017ce nie doprecyzowa\u0142 tematu przes\u0142ania, kiedy stwierdzi\u0142, i\u017c ci, kt\u00f3rzy prowadz\u0105 wojn\u0119, nie s\u0105 b\u0142ogos\u0142awieni przez Boga, \u017ce dotyczy to wy\u0142\u0105cznie tych, kt\u00f3rzy nie prowadz\u0105 wojny sprawiedliwej, i poda\u0142 jako przyk\u0142ad II wojn\u0119 \u015bwiatow\u0105. Odpowied\u017a nadesz\u0142a ze strony Ameryka\u0144skiej Konferencji Episkopatu, kt\u00f3ra jasno stwierdzi\u0142a, \u017ce rzeczywi\u015bcie Vance ma racj\u0119, ale Ojciec \u015awi\u0119ty mia\u0142 na my\u015bli w\u0142a\u015bnie to, cho\u0107 nie wspomnia\u0142 o tym wprost, a tak\u017ce podkre\u015bli\u0142a, \u017ce misj\u0105 ka\u017cdego papie\u017ca w czasie wojny jest wzywanie do dialogu i jak najszybszego zako\u0144czenia konfliktu. W swoim wyst\u0105pieniu Vance skierowa\u0142 dyskusj\u0119 na g\u0142\u0119bszy problem: czy wojna z Iranem jest sprawiedliwa, czy nie? Nie spe\u0142nia ona warunku wojny obronnej, poniewa\u017c Iran nie zaatakowa\u0142. Ale czy fakt, \u017ce Iran by\u0142 ju\u017c bliski posiadania bomby atomowej, kt\u00f3r\u0105 m\u00f3g\u0142by zrzuci\u0107 na Izrael, powoduj\u0105c \u015bmier\u0107 milion\u00f3w ludzi, nie stanowi wystarczaj\u0105co powa\u017cnego zagro\u017cenia, aby uzasadni\u0107 atak? Czy w tym przypadku nie mo\u017cna zastosowa\u0107 poj\u0119cia samoobrony, nawet je\u015bli odbywa si\u0119 to poprzez atak prewencyjny? W zwi\u0105zku z tym pojawia si\u0119 kolejne pytanie: czy to prawda, \u017ce Iran przygotowywa\u0142 bomb\u0119 atomow\u0105? Jedni to potwierdzaj\u0105, inni zaprzeczaj\u0105. Ale je\u015bli tak nie jest, to dlaczego odm\u00f3wili podpisania 15-letniego moratorium, kt\u00f3rego domaga\u0142 si\u0119 od nich Trump podczas negocjacji pokojowych? Je\u015bli nie chc\u0105 mie\u0107 bomby atomowej, to dlaczego nie zgodzili si\u0119 na rozbrojenie j\u0105drowe, skoro to po\u0142o\u017cy\u0142oby natychmiastowy kres wojnie?<\/p>\n\n\n\n<p>\u00a0\u00a0\u00a0\u00a0\u00a0\u00a0\u00a0\u00a0\u00a0\u00a0\u00a0 W ka\u017cdym razie nale\u017cy jasno stwierdzi\u0107, \u017ce nie mo\u017cna tolerowa\u0107 zniewag pod adresem Papie\u017ca i \u017ce ma on obowi\u0105zek wzywa\u0107 do zako\u0144czenia wojen, poniewa\u017c wraz z nimi mo\u017cna straci\u0107 wszystko, oraz do podpisania sprawiedliwego pokoju, do kt\u00f3rego nale\u017cy doj\u015b\u0107 poprzez dialog. Izrael ma prawo dba\u0107 o swoje przetrwanie, ale nie oznacza to, \u017ce mo\u017ce robi\u0107, co chce. By\u0107 mo\u017ce warto by\u0142oby pog\u0142\u0119bi\u0107 teologiczn\u0105 debat\u0119 na temat poj\u0119cia wojny sprawiedliwej, poniewa\u017c przy obecnym arsenale broni to, co dotychczas rozumiano pod tym poj\u0119ciem, mog\u0142o sta\u0107 si\u0119 przestarza\u0142e. \u00a0\u00a0\u00a0\u00a0\u00a0\u00a0\u00a0\u00a0\u00a0\u00a0\u00a0\u00a0\u00a0\u00a0\u00a0<\/p>\n\n\n\n<p>\u00a0\u00a0\u00a0\u00a0\u00a0\u00a0\u00a0\u00a0\u00a0\u00a0\u00a0 Wspieramy Papie\u017ca. Modlimy si\u0119 za Papie\u017ca i modlimy si\u0119 o pok\u00f3j.<\/p>\n","protected":false},"excerpt":{"rendered":"<p>17.04.2026. &nbsp;&nbsp;&nbsp;&nbsp;&nbsp;&nbsp;&nbsp;&nbsp;&nbsp;&nbsp;&nbsp; Papie\u017c przebywa w Afryce. Odby\u0142 ju\u017c po\u0142ow\u0119 swojej podr\u00f3\u017cy, odwiedzaj\u0105c Algieri\u0119 i Kamerun. Przed nim jeszcze Angola i Gwinea R\u00f3wnikowa. W Algierii wszystko skupia\u0142o si\u0119 wok\u00f3\u0142 \u015bw. Augustyna, za\u0142o\u017cyciela zakonu, do kt\u00f3rego nale\u017cy Leon XIV, oraz jednego z<span class=\"ellipsis\">&hellip;<\/span><\/p>\n<div class=\"read-more\"><a href=\"https:\/\/franciscanosdemaria.org\/pl\/2026\/04\/27\/czy-papiez-zostal-wykorzystany-w-grze-politycznej\/\">Leer m\u00e1s \u203a<\/a><\/div>\n<p><!-- end of .read-more --><\/p>\n","protected":false},"author":4,"featured_media":0,"comment_status":"closed","ping_status":"open","sticky":false,"template":"","format":"standard","meta":[],"categories":[13],"tags":[],"_links":{"self":[{"href":"https:\/\/franciscanosdemaria.org\/de\/wp-json\/wp\/v2\/posts\/13147"}],"collection":[{"href":"https:\/\/franciscanosdemaria.org\/de\/wp-json\/wp\/v2\/posts"}],"about":[{"href":"https:\/\/franciscanosdemaria.org\/de\/wp-json\/wp\/v2\/types\/post"}],"author":[{"embeddable":true,"href":"https:\/\/franciscanosdemaria.org\/de\/wp-json\/wp\/v2\/users\/4"}],"replies":[{"embeddable":true,"href":"https:\/\/franciscanosdemaria.org\/de\/wp-json\/wp\/v2\/comments?post=13147"}],"version-history":[{"count":1,"href":"https:\/\/franciscanosdemaria.org\/de\/wp-json\/wp\/v2\/posts\/13147\/revisions"}],"predecessor-version":[{"id":13148,"href":"https:\/\/franciscanosdemaria.org\/de\/wp-json\/wp\/v2\/posts\/13147\/revisions\/13148"}],"wp:attachment":[{"href":"https:\/\/franciscanosdemaria.org\/de\/wp-json\/wp\/v2\/media?parent=13147"}],"wp:term":[{"taxonomy":"category","embeddable":true,"href":"https:\/\/franciscanosdemaria.org\/de\/wp-json\/wp\/v2\/categories?post=13147"},{"taxonomy":"post_tag","embeddable":true,"href":"https:\/\/franciscanosdemaria.org\/de\/wp-json\/wp\/v2\/tags?post=13147"}],"curies":[{"name":"wp","href":"https:\/\/api.w.org\/{rel}","templated":true}]}}