{"id":13149,"date":"2026-04-27T20:09:42","date_gmt":"2026-04-27T20:09:42","guid":{"rendered":"https:\/\/franciscanosdemaria.org\/?p=13149"},"modified":"2026-04-27T20:09:42","modified_gmt":"2026-04-27T20:09:42","slug":"ha-sido-usado-el-papa-en-una-operacion-politica","status":"publish","type":"post","link":"https:\/\/franciscanosdemaria.org\/es\/2026\/04\/27\/ha-sido-usado-el-papa-en-una-operacion-politica\/","title":{"rendered":"<strong>\u00bfHa sido usado el Papa en una operaci\u00f3n pol\u00edtica?<\/strong>"},"content":{"rendered":"\n<p><strong>17 de abril de 2026.<\/strong><\/p>\n\n\n\n<p>&nbsp;&nbsp;&nbsp;&nbsp;&nbsp;&nbsp;&nbsp;&nbsp;&nbsp;&nbsp;&nbsp; El Papa est\u00e1 en \u00c1frica. Ha cumplido ya la mitad de su viaje, visitando Argelia y Camer\u00fan. Le esperan Angola y Guinea Ecuatorial. En Argelia todo ha girado en torno a San Agust\u00edn, el fundador de la Orden a la que Le\u00f3n XIV pertenece y uno de los m\u00e1s grandes maestros de espiritualidad cat\u00f3licos. Para el Pont\u00edfice, la visita a las ruinas de Hipona, de donde fue obispo San Agust\u00edn, ha sido especialmente emotiva.<\/p>\n\n\n\n<p>&nbsp;&nbsp;&nbsp;&nbsp;&nbsp;&nbsp;&nbsp;&nbsp;&nbsp;&nbsp;&nbsp; En Camer\u00fan ha afrontado con valent\u00eda los problemas del pa\u00eds -un presidente que lleva casi una eternidad en el poder, pobreza, corrupci\u00f3n, falta de futuro para los j\u00f3venes y, sobre todo, guerra civil debido a que la zona angl\u00f3fona quiere la independencia-. En Bamenda, la regi\u00f3n angl\u00f3fona, insisti\u00f3 en que la paz no puede imponerse con la guerra y que hay que buscar el di\u00e1logo; adem\u00e1s, record\u00f3 que el gasto que lleva consigo esa guerra civil -que ha causado ya m\u00e1s de seis mil muertos y cientos de miles de desplazados- se est\u00e1 comiendo los recursos del pa\u00eds, que deber\u00edan dedicarse a sanidad y educaci\u00f3n. En su condena de la violencia mencion\u00f3 tambi\u00e9n lo que sucede en el norte del pa\u00eds, que es la zona donde act\u00faan los terroristas isl\u00e1micos, pero no dijo que sean ellos la causa de esa violencia, quiz\u00e1 para no provocar nuevos ataques sangrientos contra la indefensa poblaci\u00f3n civil. Esta es y ser\u00e1 siempre una cuesti\u00f3n discutida y discutible: se trata con delicadeza al islam y se habla siempre del di\u00e1logo con ellos, pero no se critica a los radicales de esa religi\u00f3n que siembran el terror y se ensa\u00f1an especialmente con los cristianos y no s\u00f3lo en Nigeria o los pa\u00edses del centro de \u00c1frica. Es una pol\u00edtica que parece dirigida a construir puentes de di\u00e1logo con la parte moderada del islam, pero que no parece tener ning\u00fan efecto entre los terroristas y que puede dejar a las v\u00edctimas con la impresi\u00f3n de que est\u00e1n siendo desamparados.<\/p>\n\n\n\n<p>&nbsp;&nbsp;&nbsp;&nbsp;&nbsp;&nbsp;&nbsp;&nbsp;&nbsp;&nbsp;&nbsp; Sin embargo, el tema de la semana ha sido el ataque del presidente Trump contra el Papa. La manipulaci\u00f3n en este caso ha sido notoria, pues no han faltado entre los cat\u00f3licos quienes han reprochado al Papa que se haya enfrentado con \u00e9l e incluso quienes critican a los que han defendido al Pont\u00edfice, como ha sido mi caso. Hay que dejar claro que Le\u00f3n XIV no ha querido contestar al presidente norteamericano, como dijo expl\u00edcitamente cuando, en la ma\u00f1ana del domingo, al emprender su viaje a Argelia, fue preguntado por los periodistas sobre los insultos que acababa de recibir. El Papa ha hecho lo que deb\u00eda hacer al callar ante esos insultos, pues lo contrario hubiera sido rebajarse a una pol\u00e9mica con alguien que dice cosas que no parecen propias de una persona que est\u00e1 en su sano juicio. Pero lo que es absurdo es que se pretenda que nadie defienda al Papa, cuando ha sido v\u00edctima de una vejaci\u00f3n p\u00fablica tan grave. \u00bfDe verdad son cat\u00f3licos los que exigen que el Papa sea calumniado sin que se alce una voz en su defensa, o son adoradores de un pol\u00edtico que se present\u00f3 a s\u00ed mismo en las redes disfrazado de Jesucristo? Trump ha hecho muchas cosas buenas -y entre ellas sit\u00fao lo que est\u00e1 ocurriendo en Venezuela-, pero no se puede ni se debe callar ante sus palabras ofensivas contra el vicario de Cristo.<\/p>\n\n\n\n<p>&nbsp;&nbsp;&nbsp;&nbsp;&nbsp;&nbsp;&nbsp;&nbsp;&nbsp;&nbsp;&nbsp; Otra cosa distinta es la trastienda de lo que ha ocurrido. Trump estalla justo despu\u00e9s de la larga entrevista a los tres cardenales en activo que quedan en Estados Unidos, en una televisi\u00f3n de ese pa\u00eds. Fue un ataque dur\u00edsimo y personal contra \u00e9l, por su pol\u00edtica contra los inmigrantes ilegales y negando que la guerra de Ir\u00e1n fuera una guerra justa. Pocos d\u00edas antes, el propio Pont\u00edfice hab\u00eda recibido a uno de los principales asesores de Obama, en lo que fue interpretado como un aval por parte de la Iglesia al Partido Dem\u00f3crata en un contexto casi electoral. Adem\u00e1s, el arzobispo castrense norteamericano, monse\u00f1or Broglio, tambi\u00e9n hab\u00eda puesto en duda la legitimidad de la guerra en Ir\u00e1n, adem\u00e1s de recordar a los militares cat\u00f3licos que no estaban obligados a obedecer \u00f3rdenes que fueran en contra de su conciencia. Otro precedente al exabrupto de Trump fueron las palabras que el propio Pont\u00edfice dijo en el domingo de Pascua, cuando afirm\u00f3 que Dios no est\u00e1 con los que emprenden la guerra, sin especificar que eso s\u00f3lo se puede aplicar a los que no libran una guerra justa, aunque hay que reconocer que lo dijo poco despu\u00e9s de que Trump amenazara con arrasar una civilizaci\u00f3n milenaria. Este conjunto de cosas, que precedieron al arranque visceral de Trump, no justifica de ning\u00fan modo los insultos contra el Pont\u00edfice, pero s\u00ed suscitan preguntas. Sabiendo como es el presidente norteamericano y como era muy probable que reaccionara, \u00bfno fue provocado deliberadamente para que hiciera lo que hizo, con el objetivo de ofender a muchos de los cat\u00f3licos que le votaron y perjudicar a su partido en las pr\u00f3ximas elecciones de noviembre? \u00bfha sido utilizado el Papa, sin saberlo, en una operaci\u00f3n pol\u00edtica? Son muchos los que est\u00e1n diciendo que todo indica que existi\u00f3 un trabajo coordinado, dirigido a hacer estallar a Trump -lo cual es f\u00e1cil de conseguir- contra el Pont\u00edfice y que ese exabrupto se volviera contra el propio presidente precisamente por lo intolerable que es.<\/p>\n\n\n\n<p>&nbsp;&nbsp;&nbsp;&nbsp;&nbsp;&nbsp;&nbsp;&nbsp;&nbsp;&nbsp;&nbsp; Tambi\u00e9n esta semana han tenido lugar dos intervenciones m\u00e1s, significativas. La primera, del vicepresidente Vance, cat\u00f3lico practicante, que ha reprochado al Pont\u00edfice no haber aclarado, cuando dijo que los que hac\u00edan la guerra no eran bendecidos por Dios, que eso s\u00f3lo sucede con los que no hacen una guerra justa, y puso como ejemplo la segunda guerra mundial. La respuesta vino de la Conferencia Episcopal norteamericana, que dej\u00f3 claro que, efectivamente, Vance tiene raz\u00f3n pero que el Papa se refer\u00eda a eso mismo, aunque no lo citara expl\u00edcitamente, y tambi\u00e9n defendi\u00f3 que la misi\u00f3n de cualquier Papa, cuando hay guerra, es pedir que se dialogue y que el conflicto cese cuanto antes. Vance ha planteado el debate, con su intervenci\u00f3n, en una cuesti\u00f3n m\u00e1s profunda: \u00bfes o no justa la guerra de Ir\u00e1n? No cumple la condici\u00f3n de que sea una guerra defensiva, pues Ir\u00e1n no hab\u00eda atacado. Pero \u00bfel hecho de que estuviera ya cerca de tener una bomba at\u00f3mica, que podr\u00eda arrojar sobre Israel causando millones de muertos, no es una amenaza suficientemente grave para justificar el ataque? \u00bfno se puede aplicar en ese caso el concepto de leg\u00edtima defensa, aunque se haga mediante un ataque preventivo? Y, ante esto, surge de nuevo otra cuesti\u00f3n, \u00bfes verdad que Ir\u00e1n estaba preparando una bomba at\u00f3mica? Unos lo afirman y otros lo niegan. Pero \u00bfsi no es as\u00ed, por qu\u00e9 se negaron a firmar la moratoria de 15 a\u00f1os que les exigi\u00f3 Trump en las negociaciones de paz? \u00bfsi no quieren tener la bomba at\u00f3mica, por qu\u00e9 no aceptar el desarme nuclear cuando eso hubiera puesto fin inmediato a la guerra?<\/p>\n\n\n\n<p>&nbsp;&nbsp;&nbsp;&nbsp;&nbsp;&nbsp;&nbsp;&nbsp;&nbsp;&nbsp;&nbsp; En todo caso, hay que dejar claro que los insultos contra el Papa no pueden ser tolerados y que \u00e9ste tiene el deber de pedir que se acaben las guerras, porque todo puede perderse con ellas, y que se firme una paz justa, a la que se llegue mediante el di\u00e1logo. Israel tiene derecho a velar por su supervivencia, sin que eso signifique que puede hacer lo que quiera. Y, quiz\u00e1, convendr\u00eda profundizar en un debate teol\u00f3gico sobre el concepto de guerra justa, pues con las armas que ahora existen, lo que hasta ahora se entend\u00eda como tal puede haber quedado anticuado.<\/p>\n\n\n\n<p>&nbsp;&nbsp;&nbsp;&nbsp;&nbsp;&nbsp;&nbsp;&nbsp;&nbsp;&nbsp;&nbsp; Apoyamos al Papa. Rezamos por el Papa y rezamos por la paz.<\/p>\n","protected":false},"excerpt":{"rendered":"<p>17 de abril de 2026. &nbsp;&nbsp;&nbsp;&nbsp;&nbsp;&nbsp;&nbsp;&nbsp;&nbsp;&nbsp;&nbsp; El Papa est\u00e1 en \u00c1frica. Ha cumplido ya la mitad de su viaje, visitando Argelia y Camer\u00fan. Le esperan Angola y Guinea Ecuatorial. En Argelia todo ha girado en torno a San Agust\u00edn, el<span class=\"ellipsis\">&hellip;<\/span><\/p>\n<div class=\"read-more\"><a href=\"https:\/\/franciscanosdemaria.org\/es\/2026\/04\/27\/ha-sido-usado-el-papa-en-una-operacion-politica\/\">Leer m\u00e1s \u203a<\/a><\/div>\n<p><!-- end of .read-more --><\/p>\n","protected":false},"author":4,"featured_media":0,"comment_status":"closed","ping_status":"open","sticky":false,"template":"","format":"standard","meta":[],"categories":[13],"tags":[],"_links":{"self":[{"href":"https:\/\/franciscanosdemaria.org\/es\/wp-json\/wp\/v2\/posts\/13149"}],"collection":[{"href":"https:\/\/franciscanosdemaria.org\/es\/wp-json\/wp\/v2\/posts"}],"about":[{"href":"https:\/\/franciscanosdemaria.org\/es\/wp-json\/wp\/v2\/types\/post"}],"author":[{"embeddable":true,"href":"https:\/\/franciscanosdemaria.org\/es\/wp-json\/wp\/v2\/users\/4"}],"replies":[{"embeddable":true,"href":"https:\/\/franciscanosdemaria.org\/es\/wp-json\/wp\/v2\/comments?post=13149"}],"version-history":[{"count":1,"href":"https:\/\/franciscanosdemaria.org\/es\/wp-json\/wp\/v2\/posts\/13149\/revisions"}],"predecessor-version":[{"id":13150,"href":"https:\/\/franciscanosdemaria.org\/es\/wp-json\/wp\/v2\/posts\/13149\/revisions\/13150"}],"wp:attachment":[{"href":"https:\/\/franciscanosdemaria.org\/es\/wp-json\/wp\/v2\/media?parent=13149"}],"wp:term":[{"taxonomy":"category","embeddable":true,"href":"https:\/\/franciscanosdemaria.org\/es\/wp-json\/wp\/v2\/categories?post=13149"},{"taxonomy":"post_tag","embeddable":true,"href":"https:\/\/franciscanosdemaria.org\/es\/wp-json\/wp\/v2\/tags?post=13149"}],"curies":[{"name":"wp","href":"https:\/\/api.w.org\/{rel}","templated":true}]}}