{"id":13151,"date":"2026-04-27T20:13:10","date_gmt":"2026-04-27T20:13:10","guid":{"rendered":"https:\/\/franciscanosdemaria.org\/?p=13151"},"modified":"2026-04-27T20:13:10","modified_gmt":"2026-04-27T20:13:10","slug":"4o-niedziela-wielkanocna-kosciol-jest-brama","status":"publish","type":"post","link":"https:\/\/franciscanosdemaria.org\/pl\/2026\/04\/27\/4o-niedziela-wielkanocna-kosciol-jest-brama\/","title":{"rendered":"4\u00ba Niedziela Wielkanocna: Ko\u015bci\u00f3\u0142 jest bram\u0105"},"content":{"rendered":"\n<p><strong>26 kwietnia 2026.<\/strong><\/p>\n\n\n\n<p><strong>Zapewniam was, \u017ce ten, kto nie wchodzi do owczarni przez bram\u0119, lecz wchodzi od innej strony, jest z\u0142odziejem i bandyt\u0105; ale ten, kto wchodzi przez bram\u0119, jest pasterzem owiec. \u00a0(J 10, 1-3)<\/strong><\/p>\n\n\n\n<p>\u00a0\u00a0\u00a0\u00a0\u00a0\u00a0\u00a0\u00a0 Czy potraficie sobie wyobrazi\u0107 chrze\u015bcijanina, kt\u00f3ry jest zakochany w przes\u0142aniu Pana, ale nie znosi Chrystusa? Czy potraficie sobie wyobrazi\u0107 franciszkanina, kt\u00f3ry jest zachwycony przes\u0142aniem o prostocie i ub\u00f3stwie \u015awi\u0119tego z Asy\u017cu, ale nie akceptuje samego \u015bw. Franciszka? By\u0142oby to absurdalne, sprzeczne z samym sensem. Ka\u017cdy dom duchowy, podobnie jak ka\u017cdy dom materialny, ma drzwi i je\u015bli jest si\u0119 cz\u0142onkiem tego domu, a nie z\u0142odziejem czy bandyt\u0105, trzeba przez nie przej\u015b\u0107. Chrystus jest bram\u0105 chrze\u015bcija\u0144stwa i nie mo\u017cna by\u0107 chrze\u015bcijaninem, nie kochaj\u0105c Chrystusa, nie pragn\u0105c pod\u0105\u017ca\u0107 za Chrystusem, nie wielbi\u0105c Chrystusa.<\/p>\n\n\n\n<p>\u00a0\u00a0\u00a0\u00a0\u00a0\u00a0\u00a0\u00a0 Teoretycznie wszyscy si\u0119 z tym zgadzaj\u0105. Jednak w praktyce wielu tworzy sobie Chrystusa na miar\u0119 w\u0142asnych potrzeb. Czasami z pomoc\u0105 niekt\u00f3rych teolog\u00f3w, kt\u00f3rzy nie pozostaj\u0105 w komunii z Ko\u015bcio\u0142em, lub niekt\u00f3rych ksi\u0119\u017cy, wybieraj\u0105 i usuwaj\u0105 z przes\u0142ania Chrystusa to, co im si\u0119 nie podoba, pos\u0142uguj\u0105c si\u0119 tak cz\u0119sto powtarzanym w dzisiejszych czasach pretekstem, \u017ce by\u0107 mo\u017ce Pan tego nie powiedzia\u0142, a by\u0142o to dodane p\u00f3\u017aniej i wynikaj\u0105ce z d\u0105\u017cenia papie\u017cy rzymskich do sprawowania w\u0142adzy, lub podobnymi rzeczami, kt\u00f3re tak \u0142atwo si\u0119 m\u00f3wi.<\/p>\n\n\n\n<p>\u00a0\u00a0\u00a0\u00a0\u00a0\u00a0\u00a0\u00a0 Dla nas, zawsze wiernych Chrystusowi i Jego Ko\u015bcio\u0142owi, podobnie jak dla Maryi i \u015bw. Franciszka, na\u015bladowanie Pana oznacza nie tylko przej\u015bcie przez bram\u0119, kt\u00f3r\u0105 jest On sam jako Mistrz, ale tak\u017ce przez bram\u0119 Ko\u015bcio\u0142a, kt\u00f3ry w ka\u017cdej konkretnej chwili historii pomaga nam rozpozna\u0107, czego pragnie B\u00f3g. Nie wolno zapomina\u0107, \u017ce Ko\u015bci\u00f3\u0142 jest Mistycznym Cia\u0142em Chrystusa i \u017ce nie mo\u017cna by\u0107 z Chrystusem, nie b\u0119d\u0105c jednocze\u015bnie z Ko\u015bcio\u0142em.<\/p>\n\n\n\n<p><strong><u>Postanowienie:<\/u> <\/strong>Nawi\u0105\u017c poprzez modlitw\u0119 osobist\u0105 relacj\u0119 z Panem, kt\u00f3ry jest twoim pasterzem. A gdy pojawi\u0105 si\u0119 w\u0105tpliwo\u015bci dotycz\u0105ce jakiej\u015b normy moralnej, przyjmij to, co m\u00f3wi Ko\u015bci\u00f3\u0142.<\/p>\n","protected":false},"excerpt":{"rendered":"<p>26 kwietnia 2026. Zapewniam was, \u017ce ten, kto nie wchodzi do owczarni przez bram\u0119, lecz wchodzi od innej strony, jest z\u0142odziejem i bandyt\u0105; ale ten, kto wchodzi przez bram\u0119, jest pasterzem owiec. \u00a0(J 10, 1-3) \u00a0\u00a0\u00a0\u00a0\u00a0\u00a0\u00a0\u00a0 Czy potraficie sobie wyobrazi\u0107<span class=\"ellipsis\">&hellip;<\/span><\/p>\n<div class=\"read-more\"><a href=\"https:\/\/franciscanosdemaria.org\/pl\/2026\/04\/27\/4o-niedziela-wielkanocna-kosciol-jest-brama\/\">Leer m\u00e1s \u203a<\/a><\/div>\n<p><!-- end of .read-more --><\/p>\n","protected":false},"author":4,"featured_media":0,"comment_status":"closed","ping_status":"open","sticky":false,"template":"","format":"standard","meta":[],"categories":[5],"tags":[],"_links":{"self":[{"href":"https:\/\/franciscanosdemaria.org\/es\/wp-json\/wp\/v2\/posts\/13151"}],"collection":[{"href":"https:\/\/franciscanosdemaria.org\/es\/wp-json\/wp\/v2\/posts"}],"about":[{"href":"https:\/\/franciscanosdemaria.org\/es\/wp-json\/wp\/v2\/types\/post"}],"author":[{"embeddable":true,"href":"https:\/\/franciscanosdemaria.org\/es\/wp-json\/wp\/v2\/users\/4"}],"replies":[{"embeddable":true,"href":"https:\/\/franciscanosdemaria.org\/es\/wp-json\/wp\/v2\/comments?post=13151"}],"version-history":[{"count":1,"href":"https:\/\/franciscanosdemaria.org\/es\/wp-json\/wp\/v2\/posts\/13151\/revisions"}],"predecessor-version":[{"id":13152,"href":"https:\/\/franciscanosdemaria.org\/es\/wp-json\/wp\/v2\/posts\/13151\/revisions\/13152"}],"wp:attachment":[{"href":"https:\/\/franciscanosdemaria.org\/es\/wp-json\/wp\/v2\/media?parent=13151"}],"wp:term":[{"taxonomy":"category","embeddable":true,"href":"https:\/\/franciscanosdemaria.org\/es\/wp-json\/wp\/v2\/categories?post=13151"},{"taxonomy":"post_tag","embeddable":true,"href":"https:\/\/franciscanosdemaria.org\/es\/wp-json\/wp\/v2\/tags?post=13151"}],"curies":[{"name":"wp","href":"https:\/\/api.w.org\/{rel}","templated":true}]}}