{"id":13153,"date":"2026-04-27T20:16:26","date_gmt":"2026-04-27T20:16:26","guid":{"rendered":"https:\/\/franciscanosdemaria.org\/?p=13153"},"modified":"2026-04-27T20:16:26","modified_gmt":"2026-04-27T20:16:26","slug":"6o-domingo-de-pascua-amar-para-ver","status":"publish","type":"post","link":"https:\/\/franciscanosdemaria.org\/es\/2026\/04\/27\/6o-domingo-de-pascua-amar-para-ver\/","title":{"rendered":"6\u00ba Domingo de Pascua: Amar para ver"},"content":{"rendered":"\n<p><strong>10 de mayo de 2026.<\/strong><\/p>\n\n\n\n<p><strong>\u201cEl que acepta mis mandamientos y los guarda, ese me ama; al que me ama, lo amar\u00e1 mi Padre, y yo tambi\u00e9n lo amar\u00e9 y me revelar\u00e9 a \u00e9l.\u201d \u00a0(Jn 14, 21)<\/strong><\/p>\n\n\n\n<p>\u00a0\u00a0\u00a0\u00a0\u00a0\u00a0\u00a0\u00a0 San Anselmo, uno de los grandes pensadores cristianos de la Edad Media, acu\u00f1\u00f3 una frase que resume muy bien la actitud del creyente en la b\u00fasqueda de la verdad, en el estudio de la filosof\u00eda: \u00abCreer para entender\u00bb. La fe, seg\u00fan San Anselmo, abre a nuestra inteligencia nuevos horizontes; nuestra raz\u00f3n, cuando llega a su l\u00edmite, recibe la ayuda de la fe y puede as\u00ed otear nuevas perspectivas.<\/p>\n\n\n\n<p>\u00a0\u00a0\u00a0\u00a0\u00a0\u00a0\u00a0\u00a0 Sin embargo, eso no es suficiente, porque el hombre no es s\u00f3lo raz\u00f3n, no es s\u00f3lo inteligencia. O, mejor dicho, hay una sabidur\u00eda que se aprende de un modo distinto al estudio y a la reflexi\u00f3n. Es la sabidur\u00eda del coraz\u00f3n. Aquella de la que dijo Pascal: \u00abEl coraz\u00f3n tiene razones que la raz\u00f3n ignora\u00bb. Se trata de disponer de ambas fuentes de conocimiento: la raz\u00f3n, y el coraz\u00f3n, es decir, el amor. Es el amor el que nos hace entender o por lo menos aceptar ciertas cosas. As\u00ed lo ense\u00f1\u00f3 Jes\u00fas cuando dijo: \u00abAl que me ama&#8230; me revelar\u00e9 a \u00e9l\u00bb. No dijo: \u00abAl que piensa en m\u00ed\u00bb, ni tan siquiera \u00abal que cree en m\u00ed\u00bb -aunque ya la fe es una forma de amor-. Hace falta amar a Jes\u00fas para entenderle del todo, del mismo modo que una madre entiende al hijo m\u00e1s que nadie, precisamente porque le ama. Ama, pues, y entender\u00e1s.<\/p>\n\n\n\n<p>\u00a0\u00a0\u00a0\u00a0\u00a0\u00a0\u00a0\u00a0 De este modo, la \u201cpalabra de vida\u201d de esta semana nos invita a ser hombres completos, que no usen s\u00f3lo una parte de sus cualidades o capacidades. Nos invita a utilizar la cabeza, pero tambi\u00e9n el coraz\u00f3n. Nos invita a amar, sabiendo que el amor es la puerta de la fe, la puerta del entendimiento de las cosas de Dios y tambi\u00e9n de las cosas de los hombres. Cuando amamos, y s\u00f3lo cuando amamos, es cuando nos damos cuenta de la sabidur\u00eda, de la raz\u00f3n, que tiene la Iglesia para mandar ciertas cosas y prohibir otras.<\/p>\n\n\n\n<p><strong><u>Prop\u00f3sito:<\/u> <\/strong>Cuando tengas alguna duda de fe, o sobre alguien, ponte a amar. El amor ser\u00e1 la puerta que te d\u00e9 la luz. No te encierres, pensando que s\u00f3lo amar\u00e1s si ves. Ama y ver\u00e1s.<\/p>\n","protected":false},"excerpt":{"rendered":"<p>10 de mayo de 2026. \u201cEl que acepta mis mandamientos y los guarda, ese me ama; al que me ama, lo amar\u00e1 mi Padre, y yo tambi\u00e9n lo amar\u00e9 y me revelar\u00e9 a \u00e9l.\u201d \u00a0(Jn 14, 21) \u00a0\u00a0\u00a0\u00a0\u00a0\u00a0\u00a0\u00a0 San Anselmo,<span class=\"ellipsis\">&hellip;<\/span><\/p>\n<div class=\"read-more\"><a href=\"https:\/\/franciscanosdemaria.org\/es\/2026\/04\/27\/6o-domingo-de-pascua-amar-para-ver\/\">Leer m\u00e1s \u203a<\/a><\/div>\n<p><!-- end of .read-more --><\/p>\n","protected":false},"author":4,"featured_media":0,"comment_status":"closed","ping_status":"open","sticky":false,"template":"","format":"standard","meta":[],"categories":[5],"tags":[],"_links":{"self":[{"href":"https:\/\/franciscanosdemaria.org\/es\/wp-json\/wp\/v2\/posts\/13153"}],"collection":[{"href":"https:\/\/franciscanosdemaria.org\/es\/wp-json\/wp\/v2\/posts"}],"about":[{"href":"https:\/\/franciscanosdemaria.org\/es\/wp-json\/wp\/v2\/types\/post"}],"author":[{"embeddable":true,"href":"https:\/\/franciscanosdemaria.org\/es\/wp-json\/wp\/v2\/users\/4"}],"replies":[{"embeddable":true,"href":"https:\/\/franciscanosdemaria.org\/es\/wp-json\/wp\/v2\/comments?post=13153"}],"version-history":[{"count":1,"href":"https:\/\/franciscanosdemaria.org\/es\/wp-json\/wp\/v2\/posts\/13153\/revisions"}],"predecessor-version":[{"id":13154,"href":"https:\/\/franciscanosdemaria.org\/es\/wp-json\/wp\/v2\/posts\/13153\/revisions\/13154"}],"wp:attachment":[{"href":"https:\/\/franciscanosdemaria.org\/es\/wp-json\/wp\/v2\/media?parent=13153"}],"wp:term":[{"taxonomy":"category","embeddable":true,"href":"https:\/\/franciscanosdemaria.org\/es\/wp-json\/wp\/v2\/categories?post=13153"},{"taxonomy":"post_tag","embeddable":true,"href":"https:\/\/franciscanosdemaria.org\/es\/wp-json\/wp\/v2\/tags?post=13153"}],"curies":[{"name":"wp","href":"https:\/\/api.w.org\/{rel}","templated":true}]}}