{"id":13447,"date":"2026-08-30T11:06:33","date_gmt":"2026-08-30T11:06:33","guid":{"rendered":"https:\/\/franciscanosdemaria.org\/?p=13447"},"modified":"2026-08-30T11:06:34","modified_gmt":"2026-08-30T11:06:34","slug":"el-papa-en-un-campo-minado","status":"publish","type":"post","link":"https:\/\/franciscanosdemaria.org\/es\/2026\/08\/30\/el-papa-en-un-campo-minado\/","title":{"rendered":"<strong>El Papa, en un campo minado<\/strong>"},"content":{"rendered":"\n<p><strong>21 de agosto de 2026.<\/strong><\/p>\n\n\n\n<p>Hace unas semanas, una plataforma constituida por un grupo de padres, hicieron saber al Vaticano la grave situaci\u00f3n en que se encuentran los colegios cat\u00f3licos de la Di\u00f3cesis de Hamburgo. Por decisi\u00f3n del obispo, se est\u00e1 ense\u00f1ando a los ni\u00f1os la ideolog\u00eda woke, unida a la de g\u00e9nero. Los padres, angustiados por el peligro que corren sus hijos, pidieron al Vaticano que interviniera. Esta semana han recibido la respuesta, a trav\u00e9s del subsecretario del Dicasterio para la Cultura y la Educaci\u00f3n, el prelado alem\u00e1n Matthias Ambros. Con palabras amables, les ha &nbsp;dicho que la doctrina de la Iglesia no ha cambiado y que sigue vigente el documento publicado en 2019, bajo el Papa Francisco, que rechaza la ideolog\u00eda de g\u00e9nero. La doctrina, entonces como ahora, sigue siendo correcta. El problema, entonces como ahora, es que, cuando no se aplica, no pasa nada. Por eso, esta semana se han multiplicado los comentarios cr\u00edticos, cada vez m\u00e1s \u00e1speros, contra el Papa Le\u00f3n, al que acusan de permitir que los liberales -y en especial los liberales alemanes- hagan lo que quieran, dejando en papel mojado y sin valor las ense\u00f1anzas, tanto las de los Pont\u00edfices anteriores como las magn\u00edficas ense\u00f1anzas suyas. Estas cr\u00edticas amenazan con convertirse en un tsunami que arruine la magn\u00edfica impresi\u00f3n que en la mayor\u00eda de los cat\u00f3licos ha causado el actual Pont\u00edfice y que puede acabar, no s\u00f3lo por estropear su imagen, sino tambi\u00e9n por hacer fracasar su pontificado, que pasar\u00eda a la historia como la de aquel arzobispo espa\u00f1ol del que se dec\u00eda que era tan bueno, tan bueno, que no pod\u00eda ser peor.<\/p>\n\n\n\n<p>Por eso creo necesario, sin pretender justificar nada, hacer un esfuerzo por ver la realidad desde todos los puntos de vista. El de los padres que ven c\u00f3mo sus hijos pueden quedar contaminados en un colegio cat\u00f3lico es uno de ellos. Su alarma est\u00e1 plenamente justificada y su frustraci\u00f3n al ver que el Vaticano no hace nada para impedirlo, tambi\u00e9n. Pero hay al menos dos aspectos que tambi\u00e9n hay que considerar.<\/p>\n\n\n\n<p>El primero es la situaci\u00f3n en que se encontraba la Iglesia cuando Le\u00f3n XIV fue elegido Papa. La divisi\u00f3n era tan evidente que el nuevo Pont\u00edfice no dud\u00f3 en reconocerla, cuando dijo que el objetivo de su gobierno iba a ser restablecer la unidad, sin la cual no se pod\u00eda evangelizar. Algunos analistas dijeron entonces que Le\u00f3n XIV ten\u00eda que transitar por un campo minado y que s\u00f3lo lentamente pod\u00eda ir desactivando las muchas minas que le hab\u00edan puesto en el camino. Minas que amenazaban con boicotear su plan, como hab\u00edan boicoteado el pontificado de Benedicto XVI, cuando los \u201ccuervos\u201d empezaron a difundir lo que estaba pasando en el Vaticano y los medios de comunicaci\u00f3n de izquierdas (es decir, casi todos) comenzaron al un\u00edsono a exigirle la dimisi\u00f3n (a\u00f1o 2011, el llamado \u201cannus horribilis\u201d), con obispos que incluso se negaron p\u00fablicamente a darle la mano cuando visit\u00f3 su pa\u00eds (Alemania). Este plan de desactivar las minas exige, sobre todo, tiempo. El tiempo s\u00f3lo es eterno para Dios, pero fue bastante generalizada la opini\u00f3n de que el Papa lo necesitaba. Imaginemos una persona a la que le han puesto un cintur\u00f3n con bombas y el artificiero se acerca a ella y va desactiv\u00e1ndola muy lentamente, pues si se precipita todo puede estallar, acabando con la vida del que lleva la bomba y del que intenta liberarle de ella. Por mucha prisa que corra, lo verdaderamente urgente es darle al profesional el tiempo que necesite para llevar a cabo su tarea.<\/p>\n\n\n\n<p>La otra cuesti\u00f3n a tener en cuenta es la situaci\u00f3n econ\u00f3mica de la Iglesia. M\u00e1s all\u00e1 de la publicidad que intenta presentar como saneado el balance anual del Vaticano, la realidad es que el d\u00e9ficit es de, al menos, 50 millones de euros al a\u00f1o. Y, sobre todo, el agujero de las pensiones de los empleados vaticanos se sit\u00faa, como poco, en los 1.000 millones. El \u00f3bolo de San Pedro apenas cubre el 17% de los gastos de la Santa Sede y a \u00e9l Alemania aporta s\u00f3lo el 2,8% (Estados Unidos el 25%), pero a cambio Alemania (con unos ingresos anuales de 6.500 millones en 2023, s\u00f3lo a trav\u00e9s de los impuestos que exige pagar a los cat\u00f3licos si no quieren ser declarados ap\u00f3statas) financia generosamente los proyectos, reuniones e incluso costosas cenas de gala de los diferentes Dicasterios vaticanos, lo cual le da un extraordinario poder que no tendr\u00eda si se limitara a dar, por ejemplo, un diez por ciento de sus ingresos al \u00d3bolo de San Pedro. El total de lo recogido para el \u00d3bolo en el mundo en 2024 fue de 58 millones y con el 10% alem\u00e1n habr\u00eda alcanzado los 700 millones, lo que hubiera resuelto no s\u00f3lo el d\u00e9ficit anual de la Iglesia, sino que hubiera permitido solucionar en un par de a\u00f1os el agujero de las pensiones. Pero eso a los alemanes no les interesa, porque si dan el dinero al \u00d3bolo pierden el control sobre \u00e9l, mientras que si lo dan a los Dicasterios, previa humilde s\u00faplica de sus directivos, se aseguran engrosar el banco de favores que despu\u00e9s se cobran de muchas maneras.<\/p>\n\n\n\n<p>\u00bfY que est\u00e1 haciendo este desactivador de minas que es el Papa Le\u00f3n sobre este asunto? No puede obligar a los alemanes a que no den dinero a los Dicasterios y se lo den al \u00d3bolo, pero puede buscarlo en otros sitios. Por ejemplo, el 29 de julio se reuni\u00f3 discretamente con un grupo de millonarios, la mayor\u00eda de ellos norteamericanos, para pedirles ayuda. En la medida en que el Papa no dependa de Alemania, ser\u00e1 m\u00e1s libre de enfrentarse con Alemania. Algunos podr\u00edan pedir que lo haga ya, aunque sea a costa de empobrecerse. Pero hay que tener en cuenta lo que eso conllevar\u00eda y, quiz\u00e1, hay que darle un voto de confianza al artificiero que est\u00e1 desactivando la bomba, aunque haga su trabajo tan lentamente que parece que no hace nada.<\/p>\n\n\n\n<p>Comprendo la angustia de los padres de Hamburgo y su frustraci\u00f3n ante la pasividad vaticana. S\u00f3lo me limito a exponer otros aspectos de la realidad que pueden pasar desapercibidos, mientras rezo por el Papa para que logre desactivar las bombas cuanto antes.<\/p>\n","protected":false},"excerpt":{"rendered":"<p>21 de agosto de 2026. Hace unas semanas, una plataforma constituida por un grupo de padres, hicieron saber al Vaticano la grave situaci\u00f3n en que se encuentran los colegios cat\u00f3licos de la Di\u00f3cesis de Hamburgo. Por decisi\u00f3n del obispo, se<span class=\"ellipsis\">&hellip;<\/span><\/p>\n<div class=\"read-more\"><a href=\"https:\/\/franciscanosdemaria.org\/es\/2026\/08\/30\/el-papa-en-un-campo-minado\/\">Leer m\u00e1s \u203a<\/a><\/div>\n<p><!-- end of .read-more --><\/p>\n","protected":false},"author":4,"featured_media":0,"comment_status":"closed","ping_status":"open","sticky":false,"template":"","format":"standard","meta":[],"categories":[13],"tags":[],"_links":{"self":[{"href":"https:\/\/franciscanosdemaria.org\/es\/wp-json\/wp\/v2\/posts\/13447"}],"collection":[{"href":"https:\/\/franciscanosdemaria.org\/es\/wp-json\/wp\/v2\/posts"}],"about":[{"href":"https:\/\/franciscanosdemaria.org\/es\/wp-json\/wp\/v2\/types\/post"}],"author":[{"embeddable":true,"href":"https:\/\/franciscanosdemaria.org\/es\/wp-json\/wp\/v2\/users\/4"}],"replies":[{"embeddable":true,"href":"https:\/\/franciscanosdemaria.org\/es\/wp-json\/wp\/v2\/comments?post=13447"}],"version-history":[{"count":1,"href":"https:\/\/franciscanosdemaria.org\/es\/wp-json\/wp\/v2\/posts\/13447\/revisions"}],"predecessor-version":[{"id":13448,"href":"https:\/\/franciscanosdemaria.org\/es\/wp-json\/wp\/v2\/posts\/13447\/revisions\/13448"}],"wp:attachment":[{"href":"https:\/\/franciscanosdemaria.org\/es\/wp-json\/wp\/v2\/media?parent=13447"}],"wp:term":[{"taxonomy":"category","embeddable":true,"href":"https:\/\/franciscanosdemaria.org\/es\/wp-json\/wp\/v2\/categories?post=13447"},{"taxonomy":"post_tag","embeddable":true,"href":"https:\/\/franciscanosdemaria.org\/es\/wp-json\/wp\/v2\/tags?post=13447"}],"curies":[{"name":"wp","href":"https:\/\/api.w.org\/{rel}","templated":true}]}}