{"id":13463,"date":"2026-09-05T18:04:12","date_gmt":"2026-09-05T18:04:12","guid":{"rendered":"https:\/\/franciscanosdemaria.org\/?p=13463"},"modified":"2026-09-05T18:04:12","modified_gmt":"2026-09-05T18:04:12","slug":"nadie-hace-caso-al-papa","status":"publish","type":"post","link":"https:\/\/franciscanosdemaria.org\/es\/2026\/09\/05\/nadie-hace-caso-al-papa\/","title":{"rendered":"<strong>Nadie hace caso al Papa<\/strong>"},"content":{"rendered":"\n<p><strong>28 de agosto de 2026.<\/strong><\/p>\n\n\n\n<p>Nadie hace caso al Papa. O casi nadie, especialmente los liberales. O al menos eso parece. Y eso es, quiz\u00e1, lo peor que podr\u00eda ocurrir.<\/p>\n\n\n\n<p>Pongo tres ejemplos. Hace unos d\u00edas, el Papa prohibi\u00f3 que, en su di\u00f3cesis, la de Roma, se oficiara un funeral en una iglesia por un distinguido mas\u00f3n. Esta semana, el obispo de Dijon, en Francia, ha celebrado un funeral por un pol\u00edtico que ha sido se\u00f1alado como mas\u00f3n en varios medios de comunicaci\u00f3n, sin que nadie lo desmintiera. Es doctrina reiterada que los masones est\u00e1n excomulgados y, si al Papa le hicieran caso, no se celebrar\u00edan funerales por ellos.<\/p>\n\n\n\n<p>Esta semana, el Papa ha vuelto a pedir que se respeten las normas lit\u00fargicas en la celebraci\u00f3n de la Santa Misa. Ha pedido a los sacerdotes que lo cumplan y a los obispos que lo hagan cumplir. \u00bfAlguien de los que lo hacen mal o de los que permiten que la misa se celebre mal, le est\u00e1 haciendo caso? Por ejemplo, \u00bfha pedido disculpas el p\u00e1rroco espa\u00f1ol que organiz\u00f3 un baile durante la Misa? \u00bfha pedido disculpas su obispo? El cardenal Sarah ha dicho que si no existiera la misa tradicionalista, los abusos lit\u00fargicos ser\u00edan mayores; no me imagino c\u00f3mo pueden ser mayores de lo que son, pero s\u00ed conozco a muchas personas que se van a la misa tradicionalista para no perder la fe, debido a los abusos y a las herej\u00edas que se dicen en muchas misas \u201cnuevas\u201d.<\/p>\n\n\n\n<p>Est\u00e1 ya aplic\u00e1ndose en las escuelas cat\u00f3lica de Hamburgo un adoctrinamiento sexual a los ni\u00f1os marcado por la ideolog\u00eda lgtb. El Vaticano ha hecho saber, como respuesta a los padres que protestaban, que esa ideolog\u00eda no es compatible con la fe. \u00bfHa retirado ese adoctrinamiento el obispo de Hamburgo? En otro orden de cosas, \u00bfha tomado medidas el obispo alem\u00e1n que dijo que sab\u00eda que estaba prohibido que los laicos prediquen en las misas para que eso se deje de hacer?<\/p>\n\n\n\n<p>Diga lo que diga el Papa Le\u00f3n, muchos siguen pensando que lo dice para contentar a los conservadores, pero que en el fondo es un liberal y de ah\u00ed sacan la conclusi\u00f3n de que no se le debe hacer caso, porque, seg\u00fan ellos, \u00e9l mismo no se cree lo que dice. Incluso, a los que s\u00ed escuchamos su ense\u00f1anza, siguen insult\u00e1ndonos con todo tipo de descalificaciones. Por ejemplo, ten\u00eda previsto viajar a M\u00e9xico para visitar a los franciscanos de Mar\u00eda de ese pa\u00eds -son m\u00e1s de dos mil los que est\u00e1n inscritos en escuelas de agradecimiento- y no lo voy a poder hacer porque tengo un problema en la rodilla; al pedir permiso en una archidi\u00f3cesis para poder celebrar misa, sin llegar a negarlo, pusieron todo tipo de inconvenientes con la excusa de que yo era un ac\u00e9rrimo enemigo del Papa Francisco; es verdad que disent\u00ed de \u201cFiducia supplicans\u201d en lo que hac\u00eda referencia a la bendici\u00f3n de parejas irregulares, como lo hicieron varios cardenales y casi todos los obispos africanos, lo cual trajo como consecuencia que la propia Doctrina de la Fe modificara posteriormente lo que hab\u00eda publicado. Adem\u00e1s, hace a\u00f1o y medio que hay un nuevo Papa al que apoyo abiertamente, gan\u00e1ndome no pocas cr\u00edticas por ello. Pero todo eso da igual y para los liberales no tiene valor alguno, porque en el fondo consideran que Le\u00f3n XIV no es sincero en lo que ense\u00f1a ya que es un radical disfrazado y, por lo tanto, no hay que hacerle caso.<\/p>\n\n\n\n<p>El riesgo para el Papa y para la Iglesia es enorme. No hay nada peor que se le pierda el respeto al que manda, no porque se le insulte sino porque no se lleva a la pr\u00e1ctica lo que pide, convirti\u00e9ndole as\u00ed en una figura decorativa.<\/p>\n\n\n\n<p>Un \u00faltimo punto de esta semana: la visita del Papa al gran acto anual de Comuni\u00f3n y Liberaci\u00f3n en R\u00edmini. Era el primer Papa que lo hac\u00eda desde 1982, cuando estuvo San Juan Pablo II. Supuso, por lo tanto, un respaldo evidente a ese movimiento eclesial y, quiz\u00e1, un gesto de apoyo a todos los movimientos, vistos siempre con sospecha en los \u00faltimos a\u00f1os. El Papa les habl\u00f3 de sinodalidad, pero dejando claro que hay una autoridad que debe tener la \u00faltima palabra. Tambi\u00e9n les habl\u00f3 de la inserci\u00f3n en la Iglesia, que debe ser considerada siempre como m\u00e1s importante que la participaci\u00f3n en el propio movimiento. \u00bfLe van a hacer caso unos y otros?<\/p>\n\n\n\n<p>Hay que apoyar al Papa Le\u00f3n. La mejor manera de hacerlo es rezar por \u00e9l e intentar llevar a la pr\u00e1ctica lo que ense\u00f1a. Creo que la inmensa mayor\u00eda de los fieles lo hace. Tambi\u00e9n deber\u00edan hacerlo los nost\u00e1lgicos de tiempos pasados, que no se han enterado a\u00fan de que desde hace a\u00f1o y medio hay un nuevo Papa.<\/p>\n","protected":false},"excerpt":{"rendered":"<p>28 de agosto de 2026. Nadie hace caso al Papa. O casi nadie, especialmente los liberales. O al menos eso parece. Y eso es, quiz\u00e1, lo peor que podr\u00eda ocurrir. Pongo tres ejemplos. Hace unos d\u00edas, el Papa prohibi\u00f3 que,<span class=\"ellipsis\">&hellip;<\/span><\/p>\n<div class=\"read-more\"><a href=\"https:\/\/franciscanosdemaria.org\/es\/2026\/09\/05\/nadie-hace-caso-al-papa\/\">Leer m\u00e1s \u203a<\/a><\/div>\n<p><!-- end of .read-more --><\/p>\n","protected":false},"author":4,"featured_media":0,"comment_status":"closed","ping_status":"open","sticky":false,"template":"","format":"standard","meta":[],"categories":[13],"tags":[],"_links":{"self":[{"href":"https:\/\/franciscanosdemaria.org\/es\/wp-json\/wp\/v2\/posts\/13463"}],"collection":[{"href":"https:\/\/franciscanosdemaria.org\/es\/wp-json\/wp\/v2\/posts"}],"about":[{"href":"https:\/\/franciscanosdemaria.org\/es\/wp-json\/wp\/v2\/types\/post"}],"author":[{"embeddable":true,"href":"https:\/\/franciscanosdemaria.org\/es\/wp-json\/wp\/v2\/users\/4"}],"replies":[{"embeddable":true,"href":"https:\/\/franciscanosdemaria.org\/es\/wp-json\/wp\/v2\/comments?post=13463"}],"version-history":[{"count":1,"href":"https:\/\/franciscanosdemaria.org\/es\/wp-json\/wp\/v2\/posts\/13463\/revisions"}],"predecessor-version":[{"id":13464,"href":"https:\/\/franciscanosdemaria.org\/es\/wp-json\/wp\/v2\/posts\/13463\/revisions\/13464"}],"wp:attachment":[{"href":"https:\/\/franciscanosdemaria.org\/es\/wp-json\/wp\/v2\/media?parent=13463"}],"wp:term":[{"taxonomy":"category","embeddable":true,"href":"https:\/\/franciscanosdemaria.org\/es\/wp-json\/wp\/v2\/categories?post=13463"},{"taxonomy":"post_tag","embeddable":true,"href":"https:\/\/franciscanosdemaria.org\/es\/wp-json\/wp\/v2\/tags?post=13463"}],"curies":[{"name":"wp","href":"https:\/\/api.w.org\/{rel}","templated":true}]}}