{"id":3421,"date":"2017-05-19T16:13:45","date_gmt":"2017-05-19T16:13:45","guid":{"rendered":"http:\/\/franciscanosdemaria.org\/?p=3421"},"modified":"2017-05-19T16:14:25","modified_gmt":"2017-05-19T16:14:25","slug":"mons-victor-hugo-palma-visito-a-nuestros-hermanos-en-madrid","status":"publish","type":"post","link":"https:\/\/franciscanosdemaria.org\/es\/2017\/05\/19\/mons-victor-hugo-palma-visito-a-nuestros-hermanos-en-madrid\/","title":{"rendered":"Mons. V\u00edctor Hugo Palma, visit\u00f3 a nuestros hermanos en Madrid"},"content":{"rendered":"<p>Con motivo de la pr\u00f3xima visita <em>\u00abad Limina\u00bb<\/em> de los Obispos de Guatemala, Mons. V\u00edctor Hugo Palma visit\u00f3 la comunidad formativa de Madrid (Parroquia Mar\u00eda Virgen Madre) Un encuentro de alegr\u00eda y gozo para compartir y motivar a los hermanos.<br \/>\n<a href=\"http:\/\/franciscanosdemaria.org\/wp-content\/uploads\/2017\/05\/IMG_3507.jpg\"><img decoding=\"async\" loading=\"lazy\" src=\"http:\/\/franciscanosdemaria.org\/wp-content\/uploads\/2017\/05\/IMG_3507-300x225.jpg\" alt=\"IMG_3507\" width=\"300\" height=\"225\" class=\"alignnone size-medium wp-image-3422\" srcset=\"https:\/\/franciscanosdemaria.org\/wp-content\/uploads\/2017\/05\/IMG_3507-300x225.jpg 300w, https:\/\/franciscanosdemaria.org\/wp-content\/uploads\/2017\/05\/IMG_3507-1024x768.jpg 1024w, https:\/\/franciscanosdemaria.org\/wp-content\/uploads\/2017\/05\/IMG_3507-100x75.jpg 100w, https:\/\/franciscanosdemaria.org\/wp-content\/uploads\/2017\/05\/IMG_3507-150x113.jpg 150w, https:\/\/franciscanosdemaria.org\/wp-content\/uploads\/2017\/05\/IMG_3507-200x150.jpg 200w, https:\/\/franciscanosdemaria.org\/wp-content\/uploads\/2017\/05\/IMG_3507-450x338.jpg 450w, https:\/\/franciscanosdemaria.org\/wp-content\/uploads\/2017\/05\/IMG_3507-600x450.jpg 600w, https:\/\/franciscanosdemaria.org\/wp-content\/uploads\/2017\/05\/IMG_3507-900x675.jpg 900w, https:\/\/franciscanosdemaria.org\/wp-content\/uploads\/2017\/05\/IMG_3507.jpg 1280w\" sizes=\"(max-width: 300px) 100vw, 300px\" \/><\/a><\/p>\n","protected":false},"excerpt":{"rendered":"<p>Con motivo de la pr\u00f3xima visita \u00abad Limina\u00bb de los Obispos de Guatemala, Mons. V\u00edctor Hugo Palma visit\u00f3 la comunidad formativa de Madrid (Parroquia Mar\u00eda Virgen Madre) Un encuentro de alegr\u00eda y gozo para compartir y motivar a los hermanos.<\/p>\n","protected":false},"author":1,"featured_media":0,"comment_status":"closed","ping_status":"open","sticky":false,"template":"","format":"standard","meta":[],"categories":[6],"tags":[],"_links":{"self":[{"href":"https:\/\/franciscanosdemaria.org\/es\/wp-json\/wp\/v2\/posts\/3421"}],"collection":[{"href":"https:\/\/franciscanosdemaria.org\/es\/wp-json\/wp\/v2\/posts"}],"about":[{"href":"https:\/\/franciscanosdemaria.org\/es\/wp-json\/wp\/v2\/types\/post"}],"author":[{"embeddable":true,"href":"https:\/\/franciscanosdemaria.org\/es\/wp-json\/wp\/v2\/users\/1"}],"replies":[{"embeddable":true,"href":"https:\/\/franciscanosdemaria.org\/es\/wp-json\/wp\/v2\/comments?post=3421"}],"version-history":[{"count":2,"href":"https:\/\/franciscanosdemaria.org\/es\/wp-json\/wp\/v2\/posts\/3421\/revisions"}],"predecessor-version":[{"id":3424,"href":"https:\/\/franciscanosdemaria.org\/es\/wp-json\/wp\/v2\/posts\/3421\/revisions\/3424"}],"wp:attachment":[{"href":"https:\/\/franciscanosdemaria.org\/es\/wp-json\/wp\/v2\/media?parent=3421"}],"wp:term":[{"taxonomy":"category","embeddable":true,"href":"https:\/\/franciscanosdemaria.org\/es\/wp-json\/wp\/v2\/categories?post=3421"},{"taxonomy":"post_tag","embeddable":true,"href":"https:\/\/franciscanosdemaria.org\/es\/wp-json\/wp\/v2\/tags?post=3421"}],"curies":[{"name":"wp","href":"https:\/\/api.w.org\/{rel}","templated":true}]}}