{"id":3428,"date":"2017-05-19T16:24:59","date_gmt":"2017-05-19T16:24:59","guid":{"rendered":"http:\/\/franciscanosdemaria.org\/?p=3428"},"modified":"2017-05-19T16:24:59","modified_gmt":"2017-05-19T16:24:59","slug":"una-escuela-en-concepcion-chile","status":"publish","type":"post","link":"https:\/\/franciscanosdemaria.org\/es\/2017\/05\/19\/una-escuela-en-concepcion-chile\/","title":{"rendered":"Una escuela en Concepci\u00f3n Chile"},"content":{"rendered":"<p>Los FM de Concepci\u00f3n en Chile, se han consagrado al Inmaculado Coraz\u00f3n de Mar\u00eda.<br \/>\n<a href=\"http:\/\/franciscanosdemaria.org\/wp-content\/uploads\/2017\/05\/IMG_3511.jpg\"><img decoding=\"async\" loading=\"lazy\" src=\"http:\/\/franciscanosdemaria.org\/wp-content\/uploads\/2017\/05\/IMG_3511-300x169.jpg\" alt=\"IMG_3511\" width=\"300\" height=\"169\" class=\"alignnone size-medium wp-image-3429\" srcset=\"https:\/\/franciscanosdemaria.org\/wp-content\/uploads\/2017\/05\/IMG_3511-300x169.jpg 300w, https:\/\/franciscanosdemaria.org\/wp-content\/uploads\/2017\/05\/IMG_3511-1024x576.jpg 1024w, https:\/\/franciscanosdemaria.org\/wp-content\/uploads\/2017\/05\/IMG_3511-100x56.jpg 100w, https:\/\/franciscanosdemaria.org\/wp-content\/uploads\/2017\/05\/IMG_3511-150x84.jpg 150w, https:\/\/franciscanosdemaria.org\/wp-content\/uploads\/2017\/05\/IMG_3511-200x113.jpg 200w, https:\/\/franciscanosdemaria.org\/wp-content\/uploads\/2017\/05\/IMG_3511-450x253.jpg 450w, https:\/\/franciscanosdemaria.org\/wp-content\/uploads\/2017\/05\/IMG_3511-600x338.jpg 600w, https:\/\/franciscanosdemaria.org\/wp-content\/uploads\/2017\/05\/IMG_3511-900x507.jpg 900w, https:\/\/franciscanosdemaria.org\/wp-content\/uploads\/2017\/05\/IMG_3511.jpg 1032w\" sizes=\"(max-width: 300px) 100vw, 300px\" \/><\/a><\/p>\n","protected":false},"excerpt":{"rendered":"<p>Los FM de Concepci\u00f3n en Chile, se han consagrado al Inmaculado Coraz\u00f3n de Mar\u00eda.<\/p>\n","protected":false},"author":1,"featured_media":0,"comment_status":"closed","ping_status":"open","sticky":false,"template":"","format":"standard","meta":[],"categories":[6],"tags":[],"_links":{"self":[{"href":"https:\/\/franciscanosdemaria.org\/es\/wp-json\/wp\/v2\/posts\/3428"}],"collection":[{"href":"https:\/\/franciscanosdemaria.org\/es\/wp-json\/wp\/v2\/posts"}],"about":[{"href":"https:\/\/franciscanosdemaria.org\/es\/wp-json\/wp\/v2\/types\/post"}],"author":[{"embeddable":true,"href":"https:\/\/franciscanosdemaria.org\/es\/wp-json\/wp\/v2\/users\/1"}],"replies":[{"embeddable":true,"href":"https:\/\/franciscanosdemaria.org\/es\/wp-json\/wp\/v2\/comments?post=3428"}],"version-history":[{"count":2,"href":"https:\/\/franciscanosdemaria.org\/es\/wp-json\/wp\/v2\/posts\/3428\/revisions"}],"predecessor-version":[{"id":3431,"href":"https:\/\/franciscanosdemaria.org\/es\/wp-json\/wp\/v2\/posts\/3428\/revisions\/3431"}],"wp:attachment":[{"href":"https:\/\/franciscanosdemaria.org\/es\/wp-json\/wp\/v2\/media?parent=3428"}],"wp:term":[{"taxonomy":"category","embeddable":true,"href":"https:\/\/franciscanosdemaria.org\/es\/wp-json\/wp\/v2\/categories?post=3428"},{"taxonomy":"post_tag","embeddable":true,"href":"https:\/\/franciscanosdemaria.org\/es\/wp-json\/wp\/v2\/tags?post=3428"}],"curies":[{"name":"wp","href":"https:\/\/api.w.org\/{rel}","templated":true}]}}