{"id":3592,"date":"2017-06-25T20:19:00","date_gmt":"2017-06-25T20:19:00","guid":{"rendered":"http:\/\/franciscanosdemaria.org\/?p=3592"},"modified":"2017-06-25T20:19:00","modified_gmt":"2017-06-25T20:19:00","slug":"el-p-antonio-celebra-su-primer-aniversario-sacerdotal-felicidades","status":"publish","type":"post","link":"https:\/\/franciscanosdemaria.org\/es\/2017\/06\/25\/el-p-antonio-celebra-su-primer-aniversario-sacerdotal-felicidades\/","title":{"rendered":"El P. Antonio celebra su primer aniversario sacerdotal. \u00a1\u00a1\u00a1Felicidades!!!"},"content":{"rendered":"<p>La comunidad parroquial de San Jos\u00e9 en Coatesville, celebr\u00f3 el primer aniversario sacerdotal del P. Antonio. Fue un momento de convivencia alegr\u00eda pero sobre todo de comunidad. Dios le siga bendiciendo en su ministerio sacerdotal.<\/p>\n<p><a href=\"http:\/\/franciscanosdemaria.org\/wp-content\/uploads\/2017\/06\/1.jpg\"><img decoding=\"async\" loading=\"lazy\" class=\"alignnone size-medium wp-image-3593\" src=\"http:\/\/franciscanosdemaria.org\/wp-content\/uploads\/2017\/06\/1-225x300.jpg\" alt=\"1\" width=\"225\" height=\"300\" srcset=\"https:\/\/franciscanosdemaria.org\/wp-content\/uploads\/2017\/06\/1-225x300.jpg 225w, https:\/\/franciscanosdemaria.org\/wp-content\/uploads\/2017\/06\/1-768x1024.jpg 768w, https:\/\/franciscanosdemaria.org\/wp-content\/uploads\/2017\/06\/1-100x133.jpg 100w, https:\/\/franciscanosdemaria.org\/wp-content\/uploads\/2017\/06\/1-150x200.jpg 150w, https:\/\/franciscanosdemaria.org\/wp-content\/uploads\/2017\/06\/1-200x267.jpg 200w, https:\/\/franciscanosdemaria.org\/wp-content\/uploads\/2017\/06\/1-300x400.jpg 300w, https:\/\/franciscanosdemaria.org\/wp-content\/uploads\/2017\/06\/1-450x600.jpg 450w, https:\/\/franciscanosdemaria.org\/wp-content\/uploads\/2017\/06\/1-600x800.jpg 600w, https:\/\/franciscanosdemaria.org\/wp-content\/uploads\/2017\/06\/1-900x1200.jpg 900w, https:\/\/franciscanosdemaria.org\/wp-content\/uploads\/2017\/06\/1.jpg 1200w\" sizes=\"(max-width: 225px) 100vw, 225px\" \/><\/a> <a href=\"http:\/\/franciscanosdemaria.org\/wp-content\/uploads\/2017\/06\/2.jpg\"><img decoding=\"async\" loading=\"lazy\" class=\"alignnone size-medium wp-image-3594\" src=\"http:\/\/franciscanosdemaria.org\/wp-content\/uploads\/2017\/06\/2-225x300.jpg\" alt=\"2\" width=\"225\" height=\"300\" srcset=\"https:\/\/franciscanosdemaria.org\/wp-content\/uploads\/2017\/06\/2-225x300.jpg 225w, https:\/\/franciscanosdemaria.org\/wp-content\/uploads\/2017\/06\/2-768x1024.jpg 768w, https:\/\/franciscanosdemaria.org\/wp-content\/uploads\/2017\/06\/2-100x133.jpg 100w, https:\/\/franciscanosdemaria.org\/wp-content\/uploads\/2017\/06\/2-150x200.jpg 150w, https:\/\/franciscanosdemaria.org\/wp-content\/uploads\/2017\/06\/2-200x267.jpg 200w, https:\/\/franciscanosdemaria.org\/wp-content\/uploads\/2017\/06\/2-300x400.jpg 300w, https:\/\/franciscanosdemaria.org\/wp-content\/uploads\/2017\/06\/2-450x600.jpg 450w, https:\/\/franciscanosdemaria.org\/wp-content\/uploads\/2017\/06\/2-600x800.jpg 600w, https:\/\/franciscanosdemaria.org\/wp-content\/uploads\/2017\/06\/2-900x1200.jpg 900w, https:\/\/franciscanosdemaria.org\/wp-content\/uploads\/2017\/06\/2.jpg 1200w\" sizes=\"(max-width: 225px) 100vw, 225px\" \/><\/a> <a href=\"http:\/\/franciscanosdemaria.org\/wp-content\/uploads\/2017\/06\/3.jpg\"><img decoding=\"async\" loading=\"lazy\" class=\"alignnone size-medium wp-image-3595\" src=\"http:\/\/franciscanosdemaria.org\/wp-content\/uploads\/2017\/06\/3-225x300.jpg\" alt=\"3\" width=\"225\" height=\"300\" srcset=\"https:\/\/franciscanosdemaria.org\/wp-content\/uploads\/2017\/06\/3-225x300.jpg 225w, https:\/\/franciscanosdemaria.org\/wp-content\/uploads\/2017\/06\/3-768x1024.jpg 768w, https:\/\/franciscanosdemaria.org\/wp-content\/uploads\/2017\/06\/3-100x133.jpg 100w, https:\/\/franciscanosdemaria.org\/wp-content\/uploads\/2017\/06\/3-150x200.jpg 150w, https:\/\/franciscanosdemaria.org\/wp-content\/uploads\/2017\/06\/3-200x267.jpg 200w, https:\/\/franciscanosdemaria.org\/wp-content\/uploads\/2017\/06\/3-300x400.jpg 300w, https:\/\/franciscanosdemaria.org\/wp-content\/uploads\/2017\/06\/3-450x600.jpg 450w, https:\/\/franciscanosdemaria.org\/wp-content\/uploads\/2017\/06\/3-600x800.jpg 600w, https:\/\/franciscanosdemaria.org\/wp-content\/uploads\/2017\/06\/3-900x1200.jpg 900w, https:\/\/franciscanosdemaria.org\/wp-content\/uploads\/2017\/06\/3.jpg 1200w\" sizes=\"(max-width: 225px) 100vw, 225px\" \/><\/a> <a href=\"http:\/\/franciscanosdemaria.org\/wp-content\/uploads\/2017\/06\/4.jpg\"><img decoding=\"async\" loading=\"lazy\" class=\"alignnone size-medium wp-image-3596\" src=\"http:\/\/franciscanosdemaria.org\/wp-content\/uploads\/2017\/06\/4-225x300.jpg\" alt=\"4\" width=\"225\" height=\"300\" srcset=\"https:\/\/franciscanosdemaria.org\/wp-content\/uploads\/2017\/06\/4-225x300.jpg 225w, https:\/\/franciscanosdemaria.org\/wp-content\/uploads\/2017\/06\/4-768x1024.jpg 768w, https:\/\/franciscanosdemaria.org\/wp-content\/uploads\/2017\/06\/4-100x133.jpg 100w, https:\/\/franciscanosdemaria.org\/wp-content\/uploads\/2017\/06\/4-150x200.jpg 150w, https:\/\/franciscanosdemaria.org\/wp-content\/uploads\/2017\/06\/4-200x267.jpg 200w, https:\/\/franciscanosdemaria.org\/wp-content\/uploads\/2017\/06\/4-300x400.jpg 300w, https:\/\/franciscanosdemaria.org\/wp-content\/uploads\/2017\/06\/4-450x600.jpg 450w, https:\/\/franciscanosdemaria.org\/wp-content\/uploads\/2017\/06\/4-600x800.jpg 600w, https:\/\/franciscanosdemaria.org\/wp-content\/uploads\/2017\/06\/4-900x1200.jpg 900w, https:\/\/franciscanosdemaria.org\/wp-content\/uploads\/2017\/06\/4.jpg 1200w\" sizes=\"(max-width: 225px) 100vw, 225px\" \/><\/a><\/p>\n","protected":false},"excerpt":{"rendered":"<p>La comunidad parroquial de San Jos\u00e9 en Coatesville, celebr\u00f3 el primer aniversario sacerdotal del P. Antonio. Fue un momento de convivencia alegr\u00eda pero sobre todo de comunidad. Dios le siga bendiciendo en su ministerio sacerdotal.<\/p>\n","protected":false},"author":1,"featured_media":0,"comment_status":"closed","ping_status":"open","sticky":false,"template":"","format":"standard","meta":[],"categories":[6],"tags":[],"_links":{"self":[{"href":"https:\/\/franciscanosdemaria.org\/es\/wp-json\/wp\/v2\/posts\/3592"}],"collection":[{"href":"https:\/\/franciscanosdemaria.org\/es\/wp-json\/wp\/v2\/posts"}],"about":[{"href":"https:\/\/franciscanosdemaria.org\/es\/wp-json\/wp\/v2\/types\/post"}],"author":[{"embeddable":true,"href":"https:\/\/franciscanosdemaria.org\/es\/wp-json\/wp\/v2\/users\/1"}],"replies":[{"embeddable":true,"href":"https:\/\/franciscanosdemaria.org\/es\/wp-json\/wp\/v2\/comments?post=3592"}],"version-history":[{"count":1,"href":"https:\/\/franciscanosdemaria.org\/es\/wp-json\/wp\/v2\/posts\/3592\/revisions"}],"predecessor-version":[{"id":3597,"href":"https:\/\/franciscanosdemaria.org\/es\/wp-json\/wp\/v2\/posts\/3592\/revisions\/3597"}],"wp:attachment":[{"href":"https:\/\/franciscanosdemaria.org\/es\/wp-json\/wp\/v2\/media?parent=3592"}],"wp:term":[{"taxonomy":"category","embeddable":true,"href":"https:\/\/franciscanosdemaria.org\/es\/wp-json\/wp\/v2\/categories?post=3592"},{"taxonomy":"post_tag","embeddable":true,"href":"https:\/\/franciscanosdemaria.org\/es\/wp-json\/wp\/v2\/tags?post=3592"}],"curies":[{"name":"wp","href":"https:\/\/api.w.org\/{rel}","templated":true}]}}