{"id":3971,"date":"2017-08-11T20:51:41","date_gmt":"2017-08-11T20:51:41","guid":{"rendered":"http:\/\/franciscanosdemaria.org\/?p=3971"},"modified":"2017-08-11T20:51:41","modified_gmt":"2017-08-11T20:51:41","slug":"bajada-de-la-virgen-de-la-asuncion","status":"publish","type":"post","link":"https:\/\/franciscanosdemaria.org\/es\/2017\/08\/11\/bajada-de-la-virgen-de-la-asuncion\/","title":{"rendered":"Bajada de la Virgen de la Asunci\u00f3n"},"content":{"rendered":"<p>Los Franciscanos de Mar\u00eda de Nicaragua participan de la tradicional \u00abBajada de Ntra. Sra. de la Asunci\u00f3n\u00bb, en la Iglesia de en Xalteva &#8211; Granada, Nicaragua. Esta es la celebraci\u00f3n de las fiestas de la Virgen como Patrona de Granada que se inician en esta fecha y terminan el 15 de Agosto d\u00eda de la Asunci\u00f3n de nuestra Se\u00f1ora.<br \/>\n<a href=\"http:\/\/franciscanosdemaria.org\/wp-content\/uploads\/2017\/08\/frm-Asunci\u00f3n-bajada-de-la-Virgen-2.jpg\"><img decoding=\"async\" loading=\"lazy\" class=\"alignnone size-medium wp-image-3972\" src=\"http:\/\/franciscanosdemaria.org\/wp-content\/uploads\/2017\/08\/frm-Asunci\u00f3n-bajada-de-la-Virgen-2-169x300.jpg\" alt=\"frm - Asunci\u00f3n bajada de la Virgen 2\" width=\"169\" height=\"300\" srcset=\"https:\/\/franciscanosdemaria.org\/wp-content\/uploads\/2017\/08\/frm-Asunci\u00f3n-bajada-de-la-Virgen-2-169x300.jpg 169w, https:\/\/franciscanosdemaria.org\/wp-content\/uploads\/2017\/08\/frm-Asunci\u00f3n-bajada-de-la-Virgen-2-576x1024.jpg 576w, https:\/\/franciscanosdemaria.org\/wp-content\/uploads\/2017\/08\/frm-Asunci\u00f3n-bajada-de-la-Virgen-2-100x178.jpg 100w, https:\/\/franciscanosdemaria.org\/wp-content\/uploads\/2017\/08\/frm-Asunci\u00f3n-bajada-de-la-Virgen-2-150x266.jpg 150w, https:\/\/franciscanosdemaria.org\/wp-content\/uploads\/2017\/08\/frm-Asunci\u00f3n-bajada-de-la-Virgen-2-200x355.jpg 200w, https:\/\/franciscanosdemaria.org\/wp-content\/uploads\/2017\/08\/frm-Asunci\u00f3n-bajada-de-la-Virgen-2-300x533.jpg 300w, https:\/\/franciscanosdemaria.org\/wp-content\/uploads\/2017\/08\/frm-Asunci\u00f3n-bajada-de-la-Virgen-2-450x799.jpg 450w, https:\/\/franciscanosdemaria.org\/wp-content\/uploads\/2017\/08\/frm-Asunci\u00f3n-bajada-de-la-Virgen-2.jpg 581w\" sizes=\"(max-width: 169px) 100vw, 169px\" \/><\/a><\/p>\n<p><a href=\"http:\/\/franciscanosdemaria.org\/wp-content\/uploads\/2017\/08\/frm-Asunci\u00f3n-bajada-de-la-Virgen-3.jpg\"><img decoding=\"async\" loading=\"lazy\" class=\"alignnone size-medium wp-image-3973\" src=\"http:\/\/franciscanosdemaria.org\/wp-content\/uploads\/2017\/08\/frm-Asunci\u00f3n-bajada-de-la-Virgen-3-300x180.jpg\" alt=\"frm - Asunci\u00f3n bajada de la Virgen 3\" width=\"300\" height=\"180\" srcset=\"https:\/\/franciscanosdemaria.org\/wp-content\/uploads\/2017\/08\/frm-Asunci\u00f3n-bajada-de-la-Virgen-3-300x180.jpg 300w, https:\/\/franciscanosdemaria.org\/wp-content\/uploads\/2017\/08\/frm-Asunci\u00f3n-bajada-de-la-Virgen-3-1024x614.jpg 1024w, https:\/\/franciscanosdemaria.org\/wp-content\/uploads\/2017\/08\/frm-Asunci\u00f3n-bajada-de-la-Virgen-3-100x60.jpg 100w, https:\/\/franciscanosdemaria.org\/wp-content\/uploads\/2017\/08\/frm-Asunci\u00f3n-bajada-de-la-Virgen-3-150x90.jpg 150w, https:\/\/franciscanosdemaria.org\/wp-content\/uploads\/2017\/08\/frm-Asunci\u00f3n-bajada-de-la-Virgen-3-200x120.jpg 200w, https:\/\/franciscanosdemaria.org\/wp-content\/uploads\/2017\/08\/frm-Asunci\u00f3n-bajada-de-la-Virgen-3-450x270.jpg 450w, https:\/\/franciscanosdemaria.org\/wp-content\/uploads\/2017\/08\/frm-Asunci\u00f3n-bajada-de-la-Virgen-3-600x360.jpg 600w, https:\/\/franciscanosdemaria.org\/wp-content\/uploads\/2017\/08\/frm-Asunci\u00f3n-bajada-de-la-Virgen-3-900x540.jpg 900w, https:\/\/franciscanosdemaria.org\/wp-content\/uploads\/2017\/08\/frm-Asunci\u00f3n-bajada-de-la-Virgen-3.jpg 1280w\" sizes=\"(max-width: 300px) 100vw, 300px\" \/><\/a><\/p>\n<p><a href=\"http:\/\/franciscanosdemaria.org\/wp-content\/uploads\/2017\/08\/frm-Asunci\u00f3n-bajada-de-la-Virgen-4-jpg.jpg\"><img decoding=\"async\" loading=\"lazy\" class=\"alignnone size-medium wp-image-3974\" src=\"http:\/\/franciscanosdemaria.org\/wp-content\/uploads\/2017\/08\/frm-Asunci\u00f3n-bajada-de-la-Virgen-4-jpg-180x300.jpg\" alt=\"frm - Asunci\u00f3n bajada de la Virgen 4 jpg\" width=\"180\" height=\"300\" srcset=\"https:\/\/franciscanosdemaria.org\/wp-content\/uploads\/2017\/08\/frm-Asunci\u00f3n-bajada-de-la-Virgen-4-jpg-180x300.jpg 180w, https:\/\/franciscanosdemaria.org\/wp-content\/uploads\/2017\/08\/frm-Asunci\u00f3n-bajada-de-la-Virgen-4-jpg-614x1024.jpg 614w, https:\/\/franciscanosdemaria.org\/wp-content\/uploads\/2017\/08\/frm-Asunci\u00f3n-bajada-de-la-Virgen-4-jpg-100x167.jpg 100w, https:\/\/franciscanosdemaria.org\/wp-content\/uploads\/2017\/08\/frm-Asunci\u00f3n-bajada-de-la-Virgen-4-jpg-150x250.jpg 150w, https:\/\/franciscanosdemaria.org\/wp-content\/uploads\/2017\/08\/frm-Asunci\u00f3n-bajada-de-la-Virgen-4-jpg-200x333.jpg 200w, https:\/\/franciscanosdemaria.org\/wp-content\/uploads\/2017\/08\/frm-Asunci\u00f3n-bajada-de-la-Virgen-4-jpg-300x500.jpg 300w, https:\/\/franciscanosdemaria.org\/wp-content\/uploads\/2017\/08\/frm-Asunci\u00f3n-bajada-de-la-Virgen-4-jpg-450x750.jpg 450w, https:\/\/franciscanosdemaria.org\/wp-content\/uploads\/2017\/08\/frm-Asunci\u00f3n-bajada-de-la-Virgen-4-jpg-600x1000.jpg 600w, https:\/\/franciscanosdemaria.org\/wp-content\/uploads\/2017\/08\/frm-Asunci\u00f3n-bajada-de-la-Virgen-4-jpg.jpg 768w\" sizes=\"(max-width: 180px) 100vw, 180px\" \/><\/a><\/p>\n<p><a href=\"http:\/\/franciscanosdemaria.org\/wp-content\/uploads\/2017\/08\/frm-Asunci\u00f3n-bajada-de-la-Virgen.jpg\"><img decoding=\"async\" loading=\"lazy\" class=\"alignnone size-medium wp-image-3975\" src=\"http:\/\/franciscanosdemaria.org\/wp-content\/uploads\/2017\/08\/frm-Asunci\u00f3n-bajada-de-la-Virgen-300x180.jpg\" alt=\"frm - Asunci\u00f3n bajada de la Virgen\" width=\"300\" height=\"180\" srcset=\"https:\/\/franciscanosdemaria.org\/wp-content\/uploads\/2017\/08\/frm-Asunci\u00f3n-bajada-de-la-Virgen-300x180.jpg 300w, https:\/\/franciscanosdemaria.org\/wp-content\/uploads\/2017\/08\/frm-Asunci\u00f3n-bajada-de-la-Virgen-1024x614.jpg 1024w, https:\/\/franciscanosdemaria.org\/wp-content\/uploads\/2017\/08\/frm-Asunci\u00f3n-bajada-de-la-Virgen-100x60.jpg 100w, https:\/\/franciscanosdemaria.org\/wp-content\/uploads\/2017\/08\/frm-Asunci\u00f3n-bajada-de-la-Virgen-150x90.jpg 150w, https:\/\/franciscanosdemaria.org\/wp-content\/uploads\/2017\/08\/frm-Asunci\u00f3n-bajada-de-la-Virgen-200x120.jpg 200w, https:\/\/franciscanosdemaria.org\/wp-content\/uploads\/2017\/08\/frm-Asunci\u00f3n-bajada-de-la-Virgen-450x270.jpg 450w, https:\/\/franciscanosdemaria.org\/wp-content\/uploads\/2017\/08\/frm-Asunci\u00f3n-bajada-de-la-Virgen-600x360.jpg 600w, https:\/\/franciscanosdemaria.org\/wp-content\/uploads\/2017\/08\/frm-Asunci\u00f3n-bajada-de-la-Virgen-900x540.jpg 900w, https:\/\/franciscanosdemaria.org\/wp-content\/uploads\/2017\/08\/frm-Asunci\u00f3n-bajada-de-la-Virgen.jpg 1280w\" sizes=\"(max-width: 300px) 100vw, 300px\" \/><\/a><\/p>\n","protected":false},"excerpt":{"rendered":"<p>Los Franciscanos de Mar\u00eda de Nicaragua participan de la tradicional \u00abBajada de Ntra. Sra. de la Asunci\u00f3n\u00bb, en la Iglesia de en Xalteva &#8211; Granada, Nicaragua. Esta es la celebraci\u00f3n de las fiestas de la Virgen como Patrona de Granada<span class=\"ellipsis\">&hellip;<\/span><\/p>\n<div class=\"read-more\"><a href=\"https:\/\/franciscanosdemaria.org\/es\/2017\/08\/11\/bajada-de-la-virgen-de-la-asuncion\/\">Leer m\u00e1s \u203a<\/a><\/div>\n<p><!-- end of .read-more --><\/p>\n","protected":false},"author":1,"featured_media":0,"comment_status":"closed","ping_status":"open","sticky":false,"template":"","format":"standard","meta":[],"categories":[6],"tags":[],"_links":{"self":[{"href":"https:\/\/franciscanosdemaria.org\/es\/wp-json\/wp\/v2\/posts\/3971"}],"collection":[{"href":"https:\/\/franciscanosdemaria.org\/es\/wp-json\/wp\/v2\/posts"}],"about":[{"href":"https:\/\/franciscanosdemaria.org\/es\/wp-json\/wp\/v2\/types\/post"}],"author":[{"embeddable":true,"href":"https:\/\/franciscanosdemaria.org\/es\/wp-json\/wp\/v2\/users\/1"}],"replies":[{"embeddable":true,"href":"https:\/\/franciscanosdemaria.org\/es\/wp-json\/wp\/v2\/comments?post=3971"}],"version-history":[{"count":1,"href":"https:\/\/franciscanosdemaria.org\/es\/wp-json\/wp\/v2\/posts\/3971\/revisions"}],"predecessor-version":[{"id":3976,"href":"https:\/\/franciscanosdemaria.org\/es\/wp-json\/wp\/v2\/posts\/3971\/revisions\/3976"}],"wp:attachment":[{"href":"https:\/\/franciscanosdemaria.org\/es\/wp-json\/wp\/v2\/media?parent=3971"}],"wp:term":[{"taxonomy":"category","embeddable":true,"href":"https:\/\/franciscanosdemaria.org\/es\/wp-json\/wp\/v2\/categories?post=3971"},{"taxonomy":"post_tag","embeddable":true,"href":"https:\/\/franciscanosdemaria.org\/es\/wp-json\/wp\/v2\/tags?post=3971"}],"curies":[{"name":"wp","href":"https:\/\/api.w.org\/{rel}","templated":true}]}}