{"id":7167,"date":"2019-10-16T12:53:35","date_gmt":"2019-10-16T12:53:35","guid":{"rendered":"http:\/\/franciscanosdemaria.org\/?p=7167"},"modified":"2019-10-16T12:53:35","modified_gmt":"2019-10-16T12:53:35","slug":"agradecidos-en-bogota","status":"publish","type":"post","link":"https:\/\/franciscanosdemaria.org\/es\/2019\/10\/16\/agradecidos-en-bogota\/","title":{"rendered":"Agradecidos en Bogot\u00e1"},"content":{"rendered":"<p>Grupo de ni\u00f1as agradecidas desde Bogot\u00e1. Dios bendiga su animo y su entrega.<br \/>\n<a href=\"http:\/\/franciscanosdemaria.org\/wp-content\/uploads\/2019\/10\/20190727_150454.jpg\"><img decoding=\"async\" loading=\"lazy\" class=\"alignnone size-medium wp-image-7168\" src=\"http:\/\/franciscanosdemaria.org\/wp-content\/uploads\/2019\/10\/20190727_150454-300x225.jpg\" alt=\"20190727_150454\" width=\"300\" height=\"225\" srcset=\"https:\/\/franciscanosdemaria.org\/wp-content\/uploads\/2019\/10\/20190727_150454-300x225.jpg 300w, https:\/\/franciscanosdemaria.org\/wp-content\/uploads\/2019\/10\/20190727_150454-1024x768.jpg 1024w, https:\/\/franciscanosdemaria.org\/wp-content\/uploads\/2019\/10\/20190727_150454-100x75.jpg 100w, https:\/\/franciscanosdemaria.org\/wp-content\/uploads\/2019\/10\/20190727_150454-150x113.jpg 150w, https:\/\/franciscanosdemaria.org\/wp-content\/uploads\/2019\/10\/20190727_150454-200x150.jpg 200w, https:\/\/franciscanosdemaria.org\/wp-content\/uploads\/2019\/10\/20190727_150454-450x338.jpg 450w, https:\/\/franciscanosdemaria.org\/wp-content\/uploads\/2019\/10\/20190727_150454-600x450.jpg 600w, https:\/\/franciscanosdemaria.org\/wp-content\/uploads\/2019\/10\/20190727_150454-900x675.jpg 900w\" sizes=\"(max-width: 300px) 100vw, 300px\" \/><\/a> <a href=\"http:\/\/franciscanosdemaria.org\/wp-content\/uploads\/2019\/10\/20190727_161314.jpg\"><img decoding=\"async\" loading=\"lazy\" class=\"alignnone size-medium wp-image-7169\" src=\"http:\/\/franciscanosdemaria.org\/wp-content\/uploads\/2019\/10\/20190727_161314-300x225.jpg\" alt=\"20190727_161314\" width=\"300\" height=\"225\" srcset=\"https:\/\/franciscanosdemaria.org\/wp-content\/uploads\/2019\/10\/20190727_161314-300x225.jpg 300w, https:\/\/franciscanosdemaria.org\/wp-content\/uploads\/2019\/10\/20190727_161314-1024x768.jpg 1024w, https:\/\/franciscanosdemaria.org\/wp-content\/uploads\/2019\/10\/20190727_161314-100x75.jpg 100w, https:\/\/franciscanosdemaria.org\/wp-content\/uploads\/2019\/10\/20190727_161314-150x113.jpg 150w, https:\/\/franciscanosdemaria.org\/wp-content\/uploads\/2019\/10\/20190727_161314-200x150.jpg 200w, https:\/\/franciscanosdemaria.org\/wp-content\/uploads\/2019\/10\/20190727_161314-450x338.jpg 450w, https:\/\/franciscanosdemaria.org\/wp-content\/uploads\/2019\/10\/20190727_161314-600x450.jpg 600w, https:\/\/franciscanosdemaria.org\/wp-content\/uploads\/2019\/10\/20190727_161314-900x675.jpg 900w\" sizes=\"(max-width: 300px) 100vw, 300px\" \/><\/a> <a href=\"http:\/\/franciscanosdemaria.org\/wp-content\/uploads\/2019\/10\/20190727_164024.jpg\"><img decoding=\"async\" loading=\"lazy\" class=\"alignnone size-medium wp-image-7170\" src=\"http:\/\/franciscanosdemaria.org\/wp-content\/uploads\/2019\/10\/20190727_164024-300x225.jpg\" alt=\"20190727_164024\" width=\"300\" height=\"225\" srcset=\"https:\/\/franciscanosdemaria.org\/wp-content\/uploads\/2019\/10\/20190727_164024-300x225.jpg 300w, https:\/\/franciscanosdemaria.org\/wp-content\/uploads\/2019\/10\/20190727_164024-1024x768.jpg 1024w, https:\/\/franciscanosdemaria.org\/wp-content\/uploads\/2019\/10\/20190727_164024-100x75.jpg 100w, https:\/\/franciscanosdemaria.org\/wp-content\/uploads\/2019\/10\/20190727_164024-150x113.jpg 150w, https:\/\/franciscanosdemaria.org\/wp-content\/uploads\/2019\/10\/20190727_164024-200x150.jpg 200w, https:\/\/franciscanosdemaria.org\/wp-content\/uploads\/2019\/10\/20190727_164024-450x338.jpg 450w, https:\/\/franciscanosdemaria.org\/wp-content\/uploads\/2019\/10\/20190727_164024-600x450.jpg 600w, https:\/\/franciscanosdemaria.org\/wp-content\/uploads\/2019\/10\/20190727_164024-900x675.jpg 900w\" sizes=\"(max-width: 300px) 100vw, 300px\" \/><\/a><\/p>\n","protected":false},"excerpt":{"rendered":"<p>Grupo de ni\u00f1as agradecidas desde Bogot\u00e1. Dios bendiga su animo y su entrega.<\/p>\n","protected":false},"author":1,"featured_media":0,"comment_status":"closed","ping_status":"open","sticky":false,"template":"","format":"standard","meta":[],"categories":[6],"tags":[],"_links":{"self":[{"href":"https:\/\/franciscanosdemaria.org\/es\/wp-json\/wp\/v2\/posts\/7167"}],"collection":[{"href":"https:\/\/franciscanosdemaria.org\/es\/wp-json\/wp\/v2\/posts"}],"about":[{"href":"https:\/\/franciscanosdemaria.org\/es\/wp-json\/wp\/v2\/types\/post"}],"author":[{"embeddable":true,"href":"https:\/\/franciscanosdemaria.org\/es\/wp-json\/wp\/v2\/users\/1"}],"replies":[{"embeddable":true,"href":"https:\/\/franciscanosdemaria.org\/es\/wp-json\/wp\/v2\/comments?post=7167"}],"version-history":[{"count":1,"href":"https:\/\/franciscanosdemaria.org\/es\/wp-json\/wp\/v2\/posts\/7167\/revisions"}],"predecessor-version":[{"id":7171,"href":"https:\/\/franciscanosdemaria.org\/es\/wp-json\/wp\/v2\/posts\/7167\/revisions\/7171"}],"wp:attachment":[{"href":"https:\/\/franciscanosdemaria.org\/es\/wp-json\/wp\/v2\/media?parent=7167"}],"wp:term":[{"taxonomy":"category","embeddable":true,"href":"https:\/\/franciscanosdemaria.org\/es\/wp-json\/wp\/v2\/categories?post=7167"},{"taxonomy":"post_tag","embeddable":true,"href":"https:\/\/franciscanosdemaria.org\/es\/wp-json\/wp\/v2\/tags?post=7167"}],"curies":[{"name":"wp","href":"https:\/\/api.w.org\/{rel}","templated":true}]}}