{"id":13157,"date":"2026-04-27T20:23:16","date_gmt":"2026-04-27T20:23:16","guid":{"rendered":"https:\/\/franciscanosdemaria.org\/?p=13157"},"modified":"2026-04-27T20:23:17","modified_gmt":"2026-04-27T20:23:17","slug":"6o-dimanche-de-paques-aimer-pour-voir","status":"publish","type":"post","link":"https:\/\/franciscanosdemaria.org\/fr\/2026\/04\/27\/6o-dimanche-de-paques-aimer-pour-voir\/","title":{"rendered":"6\u00ba Dimanche de P\u00e2ques: Aimer pour voir"},"content":{"rendered":"\n<p><strong>10 mai 2026.<\/strong><\/p>\n\n\n\n<p><strong>\u00abCelui qui a re\u00e7u mes commandements et y reste fid\u00e8le, c\u00b4est celui-l\u00e0 qui m\u00b4aime; et celui qui m\u00b4aime sera aim\u00e9 de mon P\u00e8re; moi aussi je l\u00b4aimerai, et je me manifesterai \u00e0 lui.\u00bb \u00a0(Jn. 14, 21)<\/strong><\/p>\n\n\n\n<p>\u00a0\u00a0\u00a0\u00a0\u00a0\u00a0\u00a0\u00a0 Saint Anselme, l\u00b4un des grands penseurs chr\u00e9tiens du Moyen-\u00c2ge, est l\u00b4auteur d\u00b4une phrase qui r\u00e9sume parfaitement l\u00b4attitude du croyant \u00e0 la recherche de la v\u00e9rit\u00e9, dans l\u00b4\u00e9tude de la philosophie: \u00abCroire pour comprendre\u00bb.<\/p>\n\n\n\n<p>\u00a0\u00a0\u00a0\u00a0\u00a0\u00a0\u00a0\u00a0 Cependant, ce n\u00b4est pas suffisant car l\u00b4homme n\u00b4est pas seulement fait de raison, d\u00b4intelligence. Il y a une sagesse que l\u00b4on acqui\u00e8re autrement que par l\u00b4\u00e9tude et la r\u00e9flexion. C\u00b4est la sagesse du c\u0153ur, sagesse dont Pascal dit: \u00abLe c\u0153ur a ses raisons que la raison ne conna\u00eet point.\u00bb Il s\u00b4agit de disposer des deux sources de connaissance en m\u00eame temps: la raison et le c\u0153ur, c\u00b4est-\u00e0-dire l\u00b4amour. L\u00b4amour nous fait comprendre ou au moins accepter certaines choses. C\u00b4est ce que nous a enseign\u00e9 J\u00e9sus quand Il a dit: \u00ab\u00c0 celui qui m\u00b4aime\u2026 je me manifesterai \u00e0 lui.\u00bb Il n\u00b4a pas dit:\u00a0 \u00ab\u00c0 celui qui pense \u00e0 moi\u2026\u00bb ni m\u00eame \u00ab\u00c0 celui qui croit en moi\u2026\u00bb, bien que la foi soit d\u00e9j\u00e0 une fa\u00e7on d\u00b4aimer. Il faut aimer J\u00e9sus pour le comprendre totalement, de la m\u00eame fa\u00e7on qu\u00b4une m\u00e8re comprend son fils plus que personne, justement parce qu\u00b4elle l\u00b4aime. Donc, aimons et nous comprendrons.<\/p>\n\n\n\n<p>\u00a0\u00a0\u00a0\u00a0\u00a0\u00a0\u00a0\u00a0 Ainsi, la \u00abparole de vie\u00bb de cette semaine nous invite \u00e0 \u00eatre des hommes complets, des hommes qui n\u00b4utilisent qu\u00b4une partie de leurs qualit\u00e9s ou de leurs capacit\u00e9s. Elle nous invite \u00e0 utiliser notre t\u00eate et aussi notre c\u0153ur. Elle nous invite \u00e0 aimer en sachant que l\u00b4amour est la porte de la foi, la porte qui nous permet d\u00b4arriver \u00e0 comprendre les choses divines et aussi les choses humaines. Quand nous aimons, et seulement quand nous aimons, nous nous rendons compte de la sagesse, de la raison qu\u00b4a\u00a0 l\u00b4\u00c9glise pour demander certaines choses et en interdire d\u00b4autres.<\/p>\n\n\n\n<p><strong><u>R\u00e9solution<\/u>: <\/strong>Quand nous avons des doutes de foi, quand nous doutons de quelqu\u00b4un, commen\u00e7ons par aimer. L\u00b4amour nous apportera la lumi\u00e8re. Ne nous enfermons pas en pensant que nous n\u00b4aimerons que si nous voyons. Aimons et nous verrons.<\/p>\n","protected":false},"excerpt":{"rendered":"<p>10 mai 2026. \u00abCelui qui a re\u00e7u mes commandements et y reste fid\u00e8le, c\u00b4est celui-l\u00e0 qui m\u00b4aime; et celui qui m\u00b4aime sera aim\u00e9 de mon P\u00e8re; moi aussi je l\u00b4aimerai, et je me manifesterai \u00e0 lui.\u00bb \u00a0(Jn. 14, 21) \u00a0\u00a0\u00a0\u00a0\u00a0\u00a0\u00a0\u00a0<span class=\"ellipsis\">&hellip;<\/span><\/p>\n<div class=\"read-more\"><a href=\"https:\/\/franciscanosdemaria.org\/fr\/2026\/04\/27\/6o-dimanche-de-paques-aimer-pour-voir\/\">Leer m\u00e1s \u203a<\/a><\/div>\n<p><!-- end of .read-more --><\/p>\n","protected":false},"author":4,"featured_media":0,"comment_status":"closed","ping_status":"open","sticky":false,"template":"","format":"standard","meta":[],"categories":[5],"tags":[],"_links":{"self":[{"href":"https:\/\/franciscanosdemaria.org\/fr\/wp-json\/wp\/v2\/posts\/13157"}],"collection":[{"href":"https:\/\/franciscanosdemaria.org\/fr\/wp-json\/wp\/v2\/posts"}],"about":[{"href":"https:\/\/franciscanosdemaria.org\/fr\/wp-json\/wp\/v2\/types\/post"}],"author":[{"embeddable":true,"href":"https:\/\/franciscanosdemaria.org\/fr\/wp-json\/wp\/v2\/users\/4"}],"replies":[{"embeddable":true,"href":"https:\/\/franciscanosdemaria.org\/fr\/wp-json\/wp\/v2\/comments?post=13157"}],"version-history":[{"count":1,"href":"https:\/\/franciscanosdemaria.org\/fr\/wp-json\/wp\/v2\/posts\/13157\/revisions"}],"predecessor-version":[{"id":13158,"href":"https:\/\/franciscanosdemaria.org\/fr\/wp-json\/wp\/v2\/posts\/13157\/revisions\/13158"}],"wp:attachment":[{"href":"https:\/\/franciscanosdemaria.org\/fr\/wp-json\/wp\/v2\/media?parent=13157"}],"wp:term":[{"taxonomy":"category","embeddable":true,"href":"https:\/\/franciscanosdemaria.org\/fr\/wp-json\/wp\/v2\/categories?post=13157"},{"taxonomy":"post_tag","embeddable":true,"href":"https:\/\/franciscanosdemaria.org\/fr\/wp-json\/wp\/v2\/tags?post=13157"}],"curies":[{"name":"wp","href":"https:\/\/api.w.org\/{rel}","templated":true}]}}