{"id":13155,"date":"2026-04-27T20:19:42","date_gmt":"2026-04-27T20:19:42","guid":{"rendered":"https:\/\/franciscanosdemaria.org\/?p=13155"},"modified":"2026-04-27T20:19:43","modified_gmt":"2026-04-27T20:19:43","slug":"6-sonntag-der-osterzeit-lieben-um-zu-sehen","status":"publish","type":"post","link":"https:\/\/franciscanosdemaria.org\/de\/2026\/04\/27\/6-sonntag-der-osterzeit-lieben-um-zu-sehen\/","title":{"rendered":"6. Sonntag der Osterzeit: Lieben, um zu sehen"},"content":{"rendered":"\n<p><strong>10. Mai 2026.<\/strong><\/p>\n\n\n\n<p><strong>\u201eWer meine Gebote hat und sie h\u00e4lt, der ist es, der mich liebt. Wer aber mich liebt, wird geliebt werden von meinem Vater, und ich werde ihn lieben und mich ihm offenbaren.\u201c \u00a0(Joh. 14, 21)<\/strong><\/p>\n\n\n\n<p>\u00a0\u00a0\u00a0\u00a0\u00a0\u00a0\u00a0\u00a0 Der Heilige Anselm, einer der gro\u00dfen christlichen Denker des Mittelalters, pr\u00e4gte einen Satz, der die Haltung des Gl\u00e4ubigen auf der Suche nach der Wahrheit und beim Studium der Philosophie ziemlich gut zusammenfasst: \u201eGlauben, um zu verstehen\u201c. Nach dem Heiligen Anselm \u00f6ffnet der Glaube unserer Intelligenz neue Horizonte; unsere Vernunft empf\u00e4ngt, wenn sie ihre Grenzen erreicht, die Hilfe des Glaubens und kann so nach neuen Perspektiven sp\u00e4hen.<\/p>\n\n\n\n<p>\u00a0\u00a0\u00a0\u00a0\u00a0\u00a0\u00a0\u00a0 Das ist jedoch nicht genug, denn der Mensch ist nicht nur Verstand, nicht nur Intelligenz. Oder besser gesagt gibt es eine Weisheit, die man anders als durch Studium und Reflexion erwirbt. Es ist die Weisheit des Herzens. Jene, von der Pascal sagte: \u201eDas Herz hat Gr\u00fcnde, die der Verstand ignoriert\u201c. Es handelt sich darum, \u00fcber beide Quellen des Wissens zu verf\u00fcgen, den Verstand und das Herz, das hei\u00dft, die Liebe. Es ist die Liebe, die uns bestimmte Dinge verstehen oder zumindest akzeptieren l\u00e4sst. So hat es Jesus gelehrt, als er sagte: \u201eDem, der mich liebt &#8230; werde ich mich offenbaren.\u201c Er sagte nicht: \u201eDem, der an mich denkt\u2026\u201c oder nicht einmal \u201eDem, der an mich glaubt\u2026\u201c -obwohl der Glaube ja schon eine Form der Liebe darstellt-. Es ist n\u00f6tig, Jesus zu lieben, um Ihn ganz zu verstehen, ebenso wie eine Mutter ihr Kind besser versteht als jeder andere, eben weil sie es liebt. Daher liebe und du wirst verstehen!<\/p>\n\n\n\n<p>\u00a0\u00a0\u00a0\u00a0\u00a0\u00a0\u00a0\u00a0 So fordert uns das \u201eLebenswort\u201c dieser Woche dazu auf, vollst\u00e4ndige Menschen zu sein, die nicht nur einen Teil ihrer Eigenschaften oder F\u00e4higkeiten nutzen. Es fordert uns auf, den Kopf zu benutzen, aber auch das Herz. Es fordert uns auf zu lieben, in dem Wissen, dass die Liebe die T\u00fcr zum Glauben darstellt, die T\u00fcr zum Verst\u00e4ndnis f\u00fcr die g\u00f6ttlichen und die menschlichen Dinge. Wenn wir lieben, und nur wenn wir lieben, erkennen wir die Weisheit der Kirche und den Grund daf\u00fcr, dass sie bestimmte Dinge anordnet und andere verbietet.<\/p>\n\n\n\n<p><strong><u>Vorsatz<\/u>: <\/strong>Wenn du am Glauben oder an jemandem zweifelst, dann liebe! Die Liebe \u00f6ffnet dir die T\u00fcr zum Licht. Verschlie\u00dfe dich nicht, weil du meinst, dass du nur dann liebst, wenn du siehst! Liebe und du wirst sehen!<\/p>\n","protected":false},"excerpt":{"rendered":"<p>10. Mai 2026. \u201eWer meine Gebote hat und sie h\u00e4lt, der ist es, der mich liebt. Wer aber mich liebt, wird geliebt werden von meinem Vater, und ich werde ihn lieben und mich ihm offenbaren.\u201c \u00a0(Joh. 14, 21) \u00a0\u00a0\u00a0\u00a0\u00a0\u00a0\u00a0\u00a0 Der<span class=\"ellipsis\">&hellip;<\/span><\/p>\n<div class=\"read-more\"><a href=\"https:\/\/franciscanosdemaria.org\/de\/2026\/04\/27\/6-sonntag-der-osterzeit-lieben-um-zu-sehen\/\">Leer m\u00e1s \u203a<\/a><\/div>\n<p><!-- end of .read-more --><\/p>\n","protected":false},"author":4,"featured_media":0,"comment_status":"closed","ping_status":"open","sticky":false,"template":"","format":"standard","meta":[],"categories":[5],"tags":[],"_links":{"self":[{"href":"https:\/\/franciscanosdemaria.org\/it\/wp-json\/wp\/v2\/posts\/13155"}],"collection":[{"href":"https:\/\/franciscanosdemaria.org\/it\/wp-json\/wp\/v2\/posts"}],"about":[{"href":"https:\/\/franciscanosdemaria.org\/it\/wp-json\/wp\/v2\/types\/post"}],"author":[{"embeddable":true,"href":"https:\/\/franciscanosdemaria.org\/it\/wp-json\/wp\/v2\/users\/4"}],"replies":[{"embeddable":true,"href":"https:\/\/franciscanosdemaria.org\/it\/wp-json\/wp\/v2\/comments?post=13155"}],"version-history":[{"count":1,"href":"https:\/\/franciscanosdemaria.org\/it\/wp-json\/wp\/v2\/posts\/13155\/revisions"}],"predecessor-version":[{"id":13156,"href":"https:\/\/franciscanosdemaria.org\/it\/wp-json\/wp\/v2\/posts\/13155\/revisions\/13156"}],"wp:attachment":[{"href":"https:\/\/franciscanosdemaria.org\/it\/wp-json\/wp\/v2\/media?parent=13155"}],"wp:term":[{"taxonomy":"category","embeddable":true,"href":"https:\/\/franciscanosdemaria.org\/it\/wp-json\/wp\/v2\/categories?post=13155"},{"taxonomy":"post_tag","embeddable":true,"href":"https:\/\/franciscanosdemaria.org\/it\/wp-json\/wp\/v2\/tags?post=13155"}],"curies":[{"name":"wp","href":"https:\/\/api.w.org\/{rel}","templated":true}]}}