{"id":13161,"date":"2026-04-27T20:29:58","date_gmt":"2026-04-27T20:29:58","guid":{"rendered":"https:\/\/franciscanosdemaria.org\/?p=13161"},"modified":"2026-04-27T20:29:58","modified_gmt":"2026-04-27T20:29:58","slug":"sesta-domenica-di-pasqua-amare-per-vedere","status":"publish","type":"post","link":"https:\/\/franciscanosdemaria.org\/it\/2026\/04\/27\/sesta-domenica-di-pasqua-amare-per-vedere\/","title":{"rendered":"Sesta domenica di Pasqua: Amare per vedere"},"content":{"rendered":"\n<p><strong>10 maggio 2026.<\/strong><\/p>\n\n\n\n<p><strong>\u201cChi ha i miei comandamenti e li osserva, \u00e8 lui che mi ama. Colui che mi ama sar\u00e0 amato dal Padre mio ed io lo amer\u00f2 e manifester\u00f2\u00a0 a lui me stesso. (Gv 14, 21)<\/strong><\/p>\n\n\n\n<p>\u00a0\u00a0\u00a0\u00a0\u00a0\u00a0\u00a0\u00a0 Sant\u2019Anselmo, uno dei grandi pensatori cristiani del Medioevo, coni\u00f2 una frase che riassume molto bene l\u2019atteggiamento del credente nella ricerca della verit\u00e0, nello studio della filosofia: \u201cCredere per comprendere\u201d. La fede, secondo sant\u2019Anselmo, apre nuovi orizzonti alla nostra intelligenza. La nostra ragione, quando raggiunge il suo limite, riceve l\u2019aiuto della fede e cos\u00ec pu\u00f2 scrutare nuove prospettive.<\/p>\n\n\n\n<p>\u00a0\u00a0\u00a0\u00a0\u00a0\u00a0\u00a0\u00a0 Nonostante ci\u00f2, questo non \u00e8 sufficiente perch\u00e9 l\u2019uomo non \u00e8 soltanto ragione, non \u00e8 soltanto intelligenza. O meglio, c\u2019\u00e8 una conoscenza che si acquisisce in un modo diverso dallo studio e dalla riflessione: \u00e8 la conoscenza del cuore. \u00c8 quella conoscenza di cui Pascal disse: \u201cIl cuore ha le sue ragioni che la ragione non conosce\u201d. Si tratta di disporre di entrambe le fonti di conoscenza: della ragione e del cuore, cio\u00e8 dell\u2019amore. \u00c8 proprio l\u2019amore che ci fa capire o almeno ci fa accettare alcune cose. Cos\u00ec insegn\u00f2 Ges\u00f9 quando disse: \u201cA colui che mi ama\u2026manifester\u00f2 a lui me stesso\u201d. Non disse: \u201cA colui che pensa a me\u201d e nemmeno \u201ca colui che crede in me\u201d, anche se la fede \u00e8 gi\u00e0 una forma d\u2019amore. C\u2019\u00e8 bisogno di amare Ges\u00f9 per capirLo completamente, cos\u00ec come una madre capisce suo figlio pi\u00f9 di chiunque altro proprio perch\u00e9 lo ama. Perci\u00f2 ama e capirai.<\/p>\n\n\n\n<p>\u00a0\u00a0\u00a0\u00a0\u00a0\u00a0\u00a0\u00a0 In questo modo la \u201cparola di vita\u201d di questa settimana ci invita ad essere degli uomini completi che non usino soltanto una parte delle loro qualit\u00e0 o capacit\u00e0. Ci invita a usare la testa ma anche il cuore. Ci invita ad amare sapendo che l\u2019amore \u00e8 la porta della fede, la porta della comprensione delle cose di Dio e anche delle cose degli uomini. Quando amiamo, e soltanto quando amiamo, ci rendiamo conto della saggezza, della conoscenza, della ragione che possiede la Chiesa per disporre certe cose e proibirne delle altre.<\/p>\n\n\n\n<p><strong><u>Obiettivo<\/u>: <\/strong>Quando hai dei dubbi di fede o su qualcuno, ama. L\u2019amore sar\u00e0 la porta che ti doner\u00e0 la luce. Non chiuderti in te stesso pensando che amerai solo se vedrai. Ama e vedrai.<\/p>\n","protected":false},"excerpt":{"rendered":"<p>10 maggio 2026. \u201cChi ha i miei comandamenti e li osserva, \u00e8 lui che mi ama. Colui che mi ama sar\u00e0 amato dal Padre mio ed io lo amer\u00f2 e manifester\u00f2\u00a0 a lui me stesso. (Gv 14, 21) \u00a0\u00a0\u00a0\u00a0\u00a0\u00a0\u00a0\u00a0 Sant\u2019Anselmo,<span class=\"ellipsis\">&hellip;<\/span><\/p>\n<div class=\"read-more\"><a href=\"https:\/\/franciscanosdemaria.org\/it\/2026\/04\/27\/sesta-domenica-di-pasqua-amare-per-vedere\/\">Leer m\u00e1s \u203a<\/a><\/div>\n<p><!-- end of .read-more --><\/p>\n","protected":false},"author":4,"featured_media":0,"comment_status":"closed","ping_status":"open","sticky":false,"template":"","format":"standard","meta":[],"categories":[5],"tags":[],"_links":{"self":[{"href":"https:\/\/franciscanosdemaria.org\/it\/wp-json\/wp\/v2\/posts\/13161"}],"collection":[{"href":"https:\/\/franciscanosdemaria.org\/it\/wp-json\/wp\/v2\/posts"}],"about":[{"href":"https:\/\/franciscanosdemaria.org\/it\/wp-json\/wp\/v2\/types\/post"}],"author":[{"embeddable":true,"href":"https:\/\/franciscanosdemaria.org\/it\/wp-json\/wp\/v2\/users\/4"}],"replies":[{"embeddable":true,"href":"https:\/\/franciscanosdemaria.org\/it\/wp-json\/wp\/v2\/comments?post=13161"}],"version-history":[{"count":1,"href":"https:\/\/franciscanosdemaria.org\/it\/wp-json\/wp\/v2\/posts\/13161\/revisions"}],"predecessor-version":[{"id":13162,"href":"https:\/\/franciscanosdemaria.org\/it\/wp-json\/wp\/v2\/posts\/13161\/revisions\/13162"}],"wp:attachment":[{"href":"https:\/\/franciscanosdemaria.org\/it\/wp-json\/wp\/v2\/media?parent=13161"}],"wp:term":[{"taxonomy":"category","embeddable":true,"href":"https:\/\/franciscanosdemaria.org\/it\/wp-json\/wp\/v2\/categories?post=13161"},{"taxonomy":"post_tag","embeddable":true,"href":"https:\/\/franciscanosdemaria.org\/it\/wp-json\/wp\/v2\/tags?post=13161"}],"curies":[{"name":"wp","href":"https:\/\/api.w.org\/{rel}","templated":true}]}}