{"id":13449,"date":"2026-08-30T11:15:25","date_gmt":"2026-08-30T11:15:25","guid":{"rendered":"https:\/\/franciscanosdemaria.org\/?p=13449"},"modified":"2026-08-30T11:15:25","modified_gmt":"2026-08-30T11:15:25","slug":"xxii-niedziela-zwykla-posiadac-madrosc-boga","status":"publish","type":"post","link":"https:\/\/franciscanosdemaria.org\/pl\/2026\/08\/30\/xxii-niedziela-zwykla-posiadac-madrosc-boga\/","title":{"rendered":"XXII Niedziela zwyk\u0142a: Posiada\u0107 m\u0105dro\u015b\u0107 Boga"},"content":{"rendered":"\n<p><strong>30 sierpnia 2026.<\/strong><\/p>\n\n\n\n<p><strong>Jezus zacz\u0105\u0142 wskazywa\u0107 swoim uczniom na to, \u017ce musi uda\u0107 si\u0119 do Jerozolimy i wiele wycierpie\u0107 od starszych i arcykap\u0142an\u00f3w oraz uczonych w Pi\u015bmie; \u017ce b\u0119dzie zabity i trzeciego dnia zmartwychwstanie. A Piotr wzi\u0105\u0142 Go na bok i pocz\u0105\u0142 robi\u0107 Mu wyrzuty: &#8220;Panie, niech Ci\u0119 B\u00f3g broni! Nie przyjdzie to nigdy na Ciebie&#8221;. Lecz On odwr\u00f3ci\u0142 si\u0119 i rzek\u0142 do Piotra: &#8220;Zejd\u017a Mi z oczu, szatanie! Jeste\u015b Mi zawad\u0105, bo nie my\u015blisz po Bo\u017cemu, lecz po ludzku&#8221;. \u00a0(Mt 16, 21-23)\u00a0\u00a0\u00a0\u00a0\u00a0<\/strong><\/p>\n\n\n\n<p>\u00a0\u00a0\u00a0\u00a0\u00a0\u00a0\u00a0\u00a0 Nie powinno by\u0107 trudno pogodzi\u0107 si\u0119 z tym, \u017ce B\u00f3g, Stw\u00f3rca, jest m\u0105drzejszy od cz\u0142owieka, kt\u00f3ry jest stworzeniem. Jednak gdy czego\u015b nie rozumiemy, wydaje nam si\u0119, \u017ce albo B\u00f3g nie istnieje, albo nie interesuje si\u0119 nami, albo pope\u0142ni\u0142 b\u0142\u0105d. My\u015blimy tak zw\u0142aszcza wtedy, gdy co\u015b sprawia nam cierpienie, gdy Krzy\u017c jawi si\u0119 w jednym ze swoich tysi\u0119cy oblicz: choroba, \u015bmier\u0107, problemy uczuciowe czy zawodowe.<\/p>\n\n\n\n<p>\u00a0\u00a0\u00a0\u00a0\u00a0\u00a0\u00a0\u00a0 Powinni\u015bmy stara\u0107 si\u0119 posi\u0105\u015b\u0107 m\u0105dro\u015b\u0107 Boga, to znaczy powinni\u015bmy na\u015bladowa\u0107 Pana, kt\u00f3ry nie wybra\u0142 drogi \u0142atwo\u015bci, sukcesu ani cud\u00f3w, by rozwi\u0105za\u0107 wszystkie problemy i zbawi\u0107 ludzko\u015b\u0107, lecz wybra\u0142 drog\u0119 Krzy\u017ca.<\/p>\n\n\n\n<p>\u00a0\u00a0\u00a0\u00a0\u00a0\u00a0\u00a0\u00a0 Dlatego te\u017c za ka\u017cdym razem, gdy co\u015b w naszym \u017cyciu nie uk\u0142ada si\u0119 dobrze \u2013 czy to drobna, czy powa\u017cna sprawa \u2013 nie przeklinajmy naszego losu ani nie uwa\u017cajmy si\u0119 za nieszcz\u0119\u015bnik\u00f3w; raczej u\u015bwiadommy sobie, \u017ce w\u0142a\u015bnie otrzymali\u015bmy wielki skarb: mo\u017cliwo\u015b\u0107 wsp\u00f3\u0142dzia\u0142ania z Chrystusem w dziele odkupienia. I pami\u0119tajmy, \u017ce bardzo cz\u0119sto po kryzysach pojawiaj\u0105 si\u0119 rozwi\u0105zania, a te nie mog\u0142yby nadej\u015b\u0107, gdyby nie te kryzysy. Po Krzy\u017cu nast\u0105pi\u0142o Zmartwychwstanie.<\/p>\n\n\n\n<p>\u00a0\u00a0\u00a0\u00a0\u00a0\u00a0\u00a0\u00a0 Na koniec nie zapominajmy, \u017ce w\u0142a\u015bnie na tym krzy\u017cu, naszym krzy\u017cu, mo\u017cemy zjednoczy\u0107 si\u0119 z Panem, kt\u00f3ry jest tam obecny w cierpieniu \u2013 w spos\u00f3b tajemniczy, ale rzeczywisty, jak sam powiedzia\u0142.<\/p>\n\n\n\n<p><strong><u>Postanowienie:<\/u> <\/strong>Oddaj Bogu ka\u017cdy sw\u00f3j b\u00f3l, przyjmuj\u0105c go bez narzekania, w intencji nawr\u00f3cenia tych, kt\u00f3rzy sprawiaj\u0105 cierpienie Bogu i ludziom. Nie tra\u0107 nadziei, \u017ce przysz\u0142o\u015b\u0107 b\u0119dzie lepsza.<\/p>\n","protected":false},"excerpt":{"rendered":"<p>30 sierpnia 2026. Jezus zacz\u0105\u0142 wskazywa\u0107 swoim uczniom na to, \u017ce musi uda\u0107 si\u0119 do Jerozolimy i wiele wycierpie\u0107 od starszych i arcykap\u0142an\u00f3w oraz uczonych w Pi\u015bmie; \u017ce b\u0119dzie zabity i trzeciego dnia zmartwychwstanie. A Piotr wzi\u0105\u0142 Go na bok<span class=\"ellipsis\">&hellip;<\/span><\/p>\n<div class=\"read-more\"><a href=\"https:\/\/franciscanosdemaria.org\/pl\/2026\/08\/30\/xxii-niedziela-zwykla-posiadac-madrosc-boga\/\">Leer m\u00e1s \u203a<\/a><\/div>\n<p><!-- end of .read-more --><\/p>\n","protected":false},"author":4,"featured_media":0,"comment_status":"closed","ping_status":"open","sticky":false,"template":"","format":"standard","meta":[],"categories":[5],"tags":[],"_links":{"self":[{"href":"https:\/\/franciscanosdemaria.org\/pl\/wp-json\/wp\/v2\/posts\/13449"}],"collection":[{"href":"https:\/\/franciscanosdemaria.org\/pl\/wp-json\/wp\/v2\/posts"}],"about":[{"href":"https:\/\/franciscanosdemaria.org\/pl\/wp-json\/wp\/v2\/types\/post"}],"author":[{"embeddable":true,"href":"https:\/\/franciscanosdemaria.org\/pl\/wp-json\/wp\/v2\/users\/4"}],"replies":[{"embeddable":true,"href":"https:\/\/franciscanosdemaria.org\/pl\/wp-json\/wp\/v2\/comments?post=13449"}],"version-history":[{"count":1,"href":"https:\/\/franciscanosdemaria.org\/pl\/wp-json\/wp\/v2\/posts\/13449\/revisions"}],"predecessor-version":[{"id":13450,"href":"https:\/\/franciscanosdemaria.org\/pl\/wp-json\/wp\/v2\/posts\/13449\/revisions\/13450"}],"wp:attachment":[{"href":"https:\/\/franciscanosdemaria.org\/pl\/wp-json\/wp\/v2\/media?parent=13449"}],"wp:term":[{"taxonomy":"category","embeddable":true,"href":"https:\/\/franciscanosdemaria.org\/pl\/wp-json\/wp\/v2\/categories?post=13449"},{"taxonomy":"post_tag","embeddable":true,"href":"https:\/\/franciscanosdemaria.org\/pl\/wp-json\/wp\/v2\/tags?post=13449"}],"curies":[{"name":"wp","href":"https:\/\/api.w.org\/{rel}","templated":true}]}}